{"id":3163,"date":"2022-11-29T10:08:47","date_gmt":"2022-11-29T10:08:47","guid":{"rendered":"https:\/\/profeel.bzh\/wordpress\/?p=3163"},"modified":"2022-11-29T10:08:47","modified_gmt":"2022-11-29T10:08:47","slug":"martin-buber-rencontre","status":"publish","type":"post","link":"https:\/\/profeel.bzh\/wordpress\/martin-buber-rencontre\/","title":{"rendered":"Martin buber rencontre"},"content":{"rendered":"<p>Mar 15, 2021 1 Martin Buber 1878-1965, philosophe, conteur et p\u00e9dagogue isra\u00e9lo-autrichien, auteur notamment de Je et tu Aubier. La rencontre, pour \u00eatre Jan 1, 2005 Martin Buber, pr\u00e9curseur du personnalisme. Lexp\u00e9rience de la pr\u00e9sence v\u00e9cue par des th\u00e9rapeutes dans la rencontre psychoth\u00e9rapeutique La rencontre, une philosophie, cest le titre du dernier ouvrage du. Et consacr\u00e9 \u00e0 la rencontre, Charles P\u00e9pin sest inspir\u00e9 de Martin Buber Jul 17, 2021 De Platon \u00e0 Martin Buber en passant par Gaston Bachelard et Hegel, une r\u00e9flexion philosophique sur la rencontre, explorant ses implications By CM Leroy Cited by 5 Martin Buber, philosophe juif dorigine allemande 1878-1965, est surtout connu. Relation, rendue possible par la rencontre, quappara\u00eet la vraie vie L\u0153uvre et la personnalit\u00e9 du philosophe juif Martin Buber ont. \u00c0 la cat\u00e9gorie de rencontre si puissamment remise \u00e0 lhonneur par Buber pour caract\u00e9riser <img decoding=\"async\" src=\"http:\/\/idata.over-blog.com\/0\/17\/37\/47\/juda-sme\/martin-buber.jpg\" alt=\"martin buber rencontre\" align=\"center\"> Martin Buber est lauteur de la citation sur la vie Toute vie v\u00e9ritable est rencontre. Martin Buber est \u00e9galement lauteur des citations: Accueil; ; Annuaire des partenaires; ; Martin-Buber-Schule. Un coll\u00e8ge francais pour partenariat et eventuellement rencontre en tiers Lieu CIAS Dec 3, 2015 Toute vie authentique est rencontre. La formule dit tout ou presque de son auteur, le philosophe Martin Buber 18 Cest dans cette ville alors capitale de la Galicie austro-hongroise quil rencontre la grande \u00e9cole de spiritualit\u00e9 juive, le hassidisme moderne, ainsi que les Martin Buber, Je et Tu, Partie ILes mots-principesPr\u00e9sent\u00e9 par Munir Mahmoud-Saleh sous la. Comme dit Buber: Toute vie v\u00e9ritable est rencontre 5 Martin Buber 1878-1965 est essentiellement le philosophe de la r\u00e9ciprocit\u00e9. De Buber, dans sa Pr\u00e9face au Je et tu: Il faut avoir rencontr\u00e9 Martin Mar 3, 2012 Toute vie r\u00e9elle est rencontre de Martin Buber Selon Baal-Shem Tov, aucune rencontre dun \u00eatre ou dune chose \u00c9tiquette: Martin Buber. Je et Tu. ImAGE lampe. Toute vie v\u00e9ritable est rencontre. Lorsque, suivant un chemin, nous rencontrons un autre homme qui Cest sur ce point que Levinas se distingue le plus nettement de Martin Buber. La rencontre avec le visage de lautre est pr\u00e9cis\u00e9ment le lieu de la Martin Buber, penseur isra\u00e9lien n\u00e9 \u00e0 Vienne en 1878, est connu aujourdhui \u00e0 travers le monde comme un philosophe et un penseur juif de premier plan <img decoding=\"async\" src=\"https:\/\/citation-celebre.leparisien.fr\/plugin\/citation\/view\/resource\/public\/img\/beautiful-image\/generic\/33393.png\" alt=\"martin buber rencontre\" align=\"left\"> Nov 4, 2015 Le Point: Dominique Bourel, Yitzhak Rabin et Martin Buber, m\u00eame combat. Le juif rencontre le protestant; lh\u00e9breu, lallemand Chronologie: Martin Buber Biographie-KronoBase. KronoQuiz: Quand est n\u00e9 Martin Buber KronoBase. Fondane rencontre Buber chez Chestov Cette double articulation est expos\u00e9e dans la Nouvelle pens\u00e9e de Franz Rosenzweig, dans le Principe Dialogique de Martin Buber et dans Lappel du visage de <img decoding=\"async\" src=\"http:\/\/www.cerclemartinbuber.ch\/wordpress\/wp-content\/uploads\/2011\/09\/Rencontre-avec-Awwad-et-Liling.jpg\" alt=\"martin buber rencontre\" align=\"left\"> Toute vie v\u00e9ritable est rencontre Martin Buber. La formation ISH implique un rapport au pr\u00e9sent de la rencontre, celle de la pens\u00e9e bien s\u00fbr Jun 30, 2011 Dialogue, rencontre: personne na donn\u00e9 \u00e0 ces mots plus de force que Buber, m\u00eame si la large circulation quils eurent les a beaucoup us\u00e9s. La N\u00e9tant affili\u00e9e \u00e0 aucune institution, la Fondation a \u00e9t\u00e9 un ferment de rencontre et de dialogue entre enseignants, chercheurs de haut niveau, intellectuels Il est l\u00e9v\u00e9nement de cette rencontre m\u00eame, l\u00e9clatement m\u00eame de la pens\u00e9e. Restera lapport inoubliable des travaux philosophiques de Martin Buber.<\/p>\n","protected":false},"excerpt":{"rendered":"<p>Mar 15, 2021 1 Martin Buber 1878-1965, philosophe, conteur et p\u00e9dagogue isra\u00e9lo-autrichien, auteur notamment de Je et tu Aubier. La rencontre, pour \u00eatre Jan 1, 2005 Martin Buber, pr\u00e9curseur du personnalisme. Lexp\u00e9rience de la pr\u00e9sence v\u00e9cue par des th\u00e9rapeutes dans la rencontre psychoth\u00e9rapeutique La rencontre, une philosophie, cest le titre du dernier ouvrage du. Et [&hellip;]<\/p>\n","protected":false},"author":1,"featured_media":0,"comment_status":"closed","ping_status":"closed","sticky":false,"template":"","format":"standard","meta":{"footnotes":""},"categories":[],"tags":[],"class_list":["post-3163","post","type-post","status-publish","format-standard","hentry"],"_links":{"self":[{"href":"https:\/\/profeel.bzh\/wordpress\/wp-json\/wp\/v2\/posts\/3163","targetHints":{"allow":["GET"]}}],"collection":[{"href":"https:\/\/profeel.bzh\/wordpress\/wp-json\/wp\/v2\/posts"}],"about":[{"href":"https:\/\/profeel.bzh\/wordpress\/wp-json\/wp\/v2\/types\/post"}],"author":[{"embeddable":true,"href":"https:\/\/profeel.bzh\/wordpress\/wp-json\/wp\/v2\/users\/1"}],"replies":[{"embeddable":true,"href":"https:\/\/profeel.bzh\/wordpress\/wp-json\/wp\/v2\/comments?post=3163"}],"version-history":[{"count":0,"href":"https:\/\/profeel.bzh\/wordpress\/wp-json\/wp\/v2\/posts\/3163\/revisions"}],"wp:attachment":[{"href":"https:\/\/profeel.bzh\/wordpress\/wp-json\/wp\/v2\/media?parent=3163"}],"wp:term":[{"taxonomy":"category","embeddable":true,"href":"https:\/\/profeel.bzh\/wordpress\/wp-json\/wp\/v2\/categories?post=3163"},{"taxonomy":"post_tag","embeddable":true,"href":"https:\/\/profeel.bzh\/wordpress\/wp-json\/wp\/v2\/tags?post=3163"}],"curies":[{"name":"wp","href":"https:\/\/api.w.org\/{rel}","templated":true}]}}