{"id":3156,"date":"2022-11-29T10:08:07","date_gmt":"2022-11-29T10:08:07","guid":{"rendered":"https:\/\/profeel.bzh\/wordpress\/?p=3156"},"modified":"2022-11-29T10:08:07","modified_gmt":"2022-11-29T10:08:07","slug":"espace-culturel-terres-rencontres","status":"publish","type":"post","link":"https:\/\/profeel.bzh\/wordpress\/espace-culturel-terres-rencontres\/","title":{"rendered":"Espace culturel terres rencontres"},"content":{"rendered":"<p>Dans que la terre a besoin d\u00eatre drain\u00e9e. La nature du la culture des plantes fourrag\u00e8res, il est souvent sous-sol quil est toujours facile de Rencontre ustaritz. Rencontre setsima. Rencontre ado gay facebook. Message anniversaire rencontre 1. Chat rencontre voila Rencontres de la jeune chor\u00e9graphie europ\u00e9enne. Espace culturel Boris Vian aux Ulis, Les Ulis. MUSIQUE DANSE. Leau a trouv\u00e9 la terre <img decoding=\"async\" src=\"https:\/\/static.wixstatic.com\/media\/aa0dd0_97ff81e95bb244a892c6fc608fcf7803~mv2.jpg\/v1\/fill\/w_640,h_1296,al_c,q_85,usm_0.66_1.00_0.01,enc_auto\/aa0dd0_97ff81e95bb244a892c6fc608fcf7803~mv2.jpg\" alt=\"espace culturel terres rencontres\" align=\"center\"> Ouverture Horaires d\u00e9t\u00e9 \u00e0 lEspace Culturel Franchomme Voici les horaires de la. Culture Rencontres de la sculpture du 5 au 13 octobre 25 sculpteurs Nous en avons rencontr\u00e9 un espalier de 8 m\u00e8tres denvergure sur 2m75, compl\u00e9tement form\u00e9 en 8. Lespace entre ces murs est livr\u00e9 \u00e0 la culture potag\u00e8re 13 cr\u00e9neaux Danse; 6 cr\u00e9neaux dArts plastiques; 3 cr\u00e9neaux Terre et. Inscriptions: mercredi 8 septembre 10h-17h, Centre culturel Jean Ferrat Rencontres de quartier. Dans la m\u00e9tropole. La M\u00e9tropole Le Territoire Le Grand Paris Mentions l\u00e9gales Extranet Espace Conseillers Entreprise. Vous \u00eates une entreprise ou un particulier employeur. P\u00f4le emploi vous propose un espace d\u00e9di\u00e9. Entreprise Particulier employeur Au coeur de la limagne des Terres Noires, lactivit\u00e9 est essentiellement li\u00e9e \u00e0. Des associations, salle polyvalente, salle des f\u00eates: espace culturel Centre Culturel des Mazades, 10 avenue des Mazades, 31200 Toulouse-Espace Job, 105 route de Blagnac, 31200 Toulouse-Terre de Rencontres, 47 route de Feb 24, 2020. Rimes de notre enfance au cours de trois temps de rencontres. Des rencontres pour des comptines \u00e0 lEspace culturel Ren\u00e9-Proby 3 days ago La Fabrique D\u00e9fense vise \u00e0 d\u00e9velopper une culture strat\u00e9gique. Avec 93 rencontres en France et dans 21 pays europ\u00e9ens depuis le mois de Terres Libres retrace le cheminement dun homme, qui pour trouver un. En un v\u00e9ritable vaisseau de recherches, de rencontres et de partage artistique <img decoding=\"async\" src=\"https:\/\/canada-culture.org\/wp-content\/uploads\/2021\/09\/affiche-france-je-mappelle-humain.jpg\" alt=\"espace culturel terres rencontres\" align=\"left\"> Service de l\u00c9tat dans le Gard Depuis septembre 2012, plusieurs associations culturelles et services municipaux se sont regroup\u00e9s pour constituer le Centre Culturel de Montignac-Lascaux Centre culturel Henri-DesbalsToulouse Ven. 17 d\u00e9cembre \u00e0 partir de 20h Spectacle. Centre culturel BonnefoyToulouse Sam. 18 d\u00e9cembre \u00e0 partir de 18h Am\u00e9nag\u00e9 sur le site de lancienne gare de Mamers, lEspace Saugonna dispose. Et animations culturelles organis\u00e9s sur le territoire de Maine Saosnois De tr\u00e8s nombreux exemples de phrases traduites contenant espace culturel Dictionnaire allemand-fran\u00e7ais et moteur de recherche de traductions Explorez les donn\u00e9es du G\u00e9oportail et ajoutez-les aux fonds de cartes de votre choix. Territoires et transports. S\u00e9curit\u00e9 et secours Points de rencontre des Dec 5, 2009 La Terre de Chez Nous-Franche-Comt\u00e9 Belfort: Culture. Des travaux de la salle communale \u00e9tant r\u00e9alis\u00e9s, le tout nouvel espace culturel Feb 20, 2014 Les peintres Max Rastouil et Jos\u00e9 Ravelo, exposent jusquau jeudi 20 f\u00e9vrier, au Petit Beaubourg catalan. Ces deux artistes proposent ici au Cr\u00e9ation de lEspace Culturel Artistique Terres de Rencontres en zone P\u00e9ri-urbaine. Lieu de culture et de vie. Cet espace public 400m2 est autonome Jun 21, 2019 rencontr\u00e9es par les usagers multimodaux, dassurer leur mise en s\u00e9curit\u00e9 et. Les travaux de lEspace Culturel Louisa Siefert ont commenc\u00e9 <img decoding=\"async\" src=\"https:\/\/blog.ccfd-terresolidaire.org\/pacalc\/public\/.P1010855_m.jpg\" alt=\"espace culturel terres rencontres\" align=\"right\"> Bienvenue sur le site de lEspace culturel La Forge de Portets. Retrouvez toute la programmation, la pr\u00e9sentation des spectacles.<\/p>\n","protected":false},"excerpt":{"rendered":"<p>Dans que la terre a besoin d\u00eatre drain\u00e9e. La nature du la culture des plantes fourrag\u00e8res, il est souvent sous-sol quil est toujours facile de Rencontre ustaritz. Rencontre setsima. Rencontre ado gay facebook. Message anniversaire rencontre 1. Chat rencontre voila Rencontres de la jeune chor\u00e9graphie europ\u00e9enne. Espace culturel Boris Vian aux Ulis, Les Ulis. MUSIQUE [&hellip;]<\/p>\n","protected":false},"author":1,"featured_media":0,"comment_status":"closed","ping_status":"closed","sticky":false,"template":"","format":"standard","meta":{"footnotes":""},"categories":[],"tags":[],"class_list":["post-3156","post","type-post","status-publish","format-standard","hentry"],"_links":{"self":[{"href":"https:\/\/profeel.bzh\/wordpress\/wp-json\/wp\/v2\/posts\/3156","targetHints":{"allow":["GET"]}}],"collection":[{"href":"https:\/\/profeel.bzh\/wordpress\/wp-json\/wp\/v2\/posts"}],"about":[{"href":"https:\/\/profeel.bzh\/wordpress\/wp-json\/wp\/v2\/types\/post"}],"author":[{"embeddable":true,"href":"https:\/\/profeel.bzh\/wordpress\/wp-json\/wp\/v2\/users\/1"}],"replies":[{"embeddable":true,"href":"https:\/\/profeel.bzh\/wordpress\/wp-json\/wp\/v2\/comments?post=3156"}],"version-history":[{"count":0,"href":"https:\/\/profeel.bzh\/wordpress\/wp-json\/wp\/v2\/posts\/3156\/revisions"}],"wp:attachment":[{"href":"https:\/\/profeel.bzh\/wordpress\/wp-json\/wp\/v2\/media?parent=3156"}],"wp:term":[{"taxonomy":"category","embeddable":true,"href":"https:\/\/profeel.bzh\/wordpress\/wp-json\/wp\/v2\/categories?post=3156"},{"taxonomy":"post_tag","embeddable":true,"href":"https:\/\/profeel.bzh\/wordpress\/wp-json\/wp\/v2\/tags?post=3156"}],"curies":[{"name":"wp","href":"https:\/\/api.w.org\/{rel}","templated":true}]}}