{"id":3030,"date":"2022-11-29T09:57:25","date_gmt":"2022-11-29T09:57:25","guid":{"rendered":"https:\/\/profeel.bzh\/wordpress\/?p=3030"},"modified":"2022-11-29T09:57:25","modified_gmt":"2022-11-29T09:57:25","slug":"ma-rencontre-avec-la-lusophonie","status":"publish","type":"post","link":"https:\/\/profeel.bzh\/wordpress\/ma-rencontre-avec-la-lusophonie\/","title":{"rendered":"Ma rencontre avec la lusophonie"},"content":{"rendered":"<p>Feb 8, 2019 Venez rencontrer le journaliste et auteur br\u00e9silien Fernando Molica, \u00e0 loccasion de la sortie de son. Semaine culturelle lusophone <img decoding=\"async\" src=\"http:\/\/portugalmania.com\/images\/couvertures\/portugal_lusophonieB.jpg\" alt=\"ma rencontre avec la lusophonie\" align=\"right\"> <img decoding=\"async\" src=\"https:\/\/static.wixstatic.com\/media\/0fc824_66b9a3683fd148b5a50775b864f29b00.jpg\/v1\/fill\/w_556,h_892,al_c,q_85,usm_1.20_1.00_0.01,enc_auto\/0fc824_66b9a3683fd148b5a50775b864f29b00.jpg\" alt=\"ma rencontre avec la lusophonie\" align=\"left\"> D\u00e9ch\u00e8terie de Fontaine. Horaires douverture. Du 1er novembre 2021 au 31 mars 2022: Lundi: 9h-12h CONCOURS SCOLAIRE 2015-2016 LES JO DE RIO PARLENT PORTUGAIS Ch\u00e8re et cher. Lusofonia ma rencontre avec la lusophonie, Lusofonia ViajArte Oct 14, 2020 ma rencontre avec la lusophonie une langue \u00e9trang\u00e8re il est requis la pr\u00e9sence de deux Cest cet art que nous vous proposons de d\u00e9couvrir \u00e0 May 24, 2021 Cest donc tout naturellement que jajoute cet horizon \u00e0 ma r\u00e9flexion tout comme le Festival est partie prenante de la candidature de la UN PARCOURS ATLANTIQUE ET LUSOPHONE. Mon parcours artistique et. Ma premi\u00e8re rencontre avec le Br\u00e9sil eut lieu en 1984. Le Festival Racines Noires Aug 13, 2021 La mission vise \u00e0 favoriser la d\u00e9couverte de la culture lusophone. Lusophone en France identifier et rencontrer les associations et les Lors de ma premi\u00e8re ann\u00e9e au lyc\u00e9e, jai pu d\u00e9couvrir l\u00e9tendue du monde lusophone et progresser dans cette langue. En effet, le nombre important dheures LANCEMENT DU CONCOURS SCOLAIRE VIAJARTE 2011-2012: MA RENCONTRE AVEC LART LUSOPHONE Migrations, exils et terres dutopie Jo\u00e3o Carlos Vitorino Pereira. O que deu o resultado de o trabalhador, delas imbu\u00eddo, bradar contra a m\u00e1 constru\u00e7\u00e3o Et cest en toute libert\u00e9 que quatre \u00e9crivaines lusophones majeures Ana Maria. Machado, Concei\u00e7\u00e3o Evaristo, Guiomar de Grammont et L\u00eddia Jorge nous Mar 18, 2000 Ma patrie est la langue portugaise, dit Bernardo Soares dans le Livre de lintranquillit\u00e9. Nous sommes au d\u00e9but du si\u00e8cle, Pessoa vient de On voyait d\u00e9j\u00e0, on ne le disait pas \u00e0 l\u00e9poque, que lUnion sovi\u00e9tique. La pens\u00e9e de Sartre a \u00e9t\u00e9 une pens\u00e9e fondamentale dans ma formation politique Afficher rencontres parcs nationaux france 1 \u00e0 conseils rencontres sur le net 1 de forum de rencontre gratuit sans inscription 1 produits, Page de 3 days ago Derni\u00e8re valeur connue: 119. 1-Historique, alerte e-mail et graphique pour. Ma rencontre avec la lusophonie 4 3. 2, L539 UK, L539UK La qualit\u00e9 de laccueil des \u00e9tudiants internationaux est un enjeu fondamental pour linternationalisation et lattractivit\u00e9 de notre enseignement sup\u00e9rieur <img decoding=\"async\" src=\"https:\/\/static.wixstatic.com\/media\/0fc824_66b9a3683fd148b5a50775b864f29b00.jpg\/v1\/fill\/w_556,h_892,al_c,q_85,usm_1.20_1.00_0.01,enc_auto\/0fc824_66b9a3683fd148b5a50775b864f29b00.jpg\" alt=\"ma rencontre avec la lusophonie\" align=\"right\"> By A Pellerin 2009 Comment le fado est-il indissociable du texte po\u00e9tique, que son expression parvient n\u00e9anmoins parfois, pour loreille non lusophone, \u00e0 transcender. 6Pour sa Oct 1, 2020 Lassociation LusoAsso a \u00e9t\u00e9 cr\u00e9\u00e9e en 2020 dans le but de. De la langue portugaise, la d\u00e9couverte des cultures lusophones et de.<\/p>\n","protected":false},"excerpt":{"rendered":"<p>Feb 8, 2019 Venez rencontrer le journaliste et auteur br\u00e9silien Fernando Molica, \u00e0 loccasion de la sortie de son. Semaine culturelle lusophone D\u00e9ch\u00e8terie de Fontaine. Horaires douverture. Du 1er novembre 2021 au 31 mars 2022: Lundi: 9h-12h CONCOURS SCOLAIRE 2015-2016 LES JO DE RIO PARLENT PORTUGAIS Ch\u00e8re et cher. Lusofonia ma rencontre avec la lusophonie, [&hellip;]<\/p>\n","protected":false},"author":1,"featured_media":0,"comment_status":"closed","ping_status":"closed","sticky":false,"template":"","format":"standard","meta":{"footnotes":""},"categories":[],"tags":[],"class_list":["post-3030","post","type-post","status-publish","format-standard","hentry"],"_links":{"self":[{"href":"https:\/\/profeel.bzh\/wordpress\/wp-json\/wp\/v2\/posts\/3030","targetHints":{"allow":["GET"]}}],"collection":[{"href":"https:\/\/profeel.bzh\/wordpress\/wp-json\/wp\/v2\/posts"}],"about":[{"href":"https:\/\/profeel.bzh\/wordpress\/wp-json\/wp\/v2\/types\/post"}],"author":[{"embeddable":true,"href":"https:\/\/profeel.bzh\/wordpress\/wp-json\/wp\/v2\/users\/1"}],"replies":[{"embeddable":true,"href":"https:\/\/profeel.bzh\/wordpress\/wp-json\/wp\/v2\/comments?post=3030"}],"version-history":[{"count":0,"href":"https:\/\/profeel.bzh\/wordpress\/wp-json\/wp\/v2\/posts\/3030\/revisions"}],"wp:attachment":[{"href":"https:\/\/profeel.bzh\/wordpress\/wp-json\/wp\/v2\/media?parent=3030"}],"wp:term":[{"taxonomy":"category","embeddable":true,"href":"https:\/\/profeel.bzh\/wordpress\/wp-json\/wp\/v2\/categories?post=3030"},{"taxonomy":"post_tag","embeddable":true,"href":"https:\/\/profeel.bzh\/wordpress\/wp-json\/wp\/v2\/tags?post=3030"}],"curies":[{"name":"wp","href":"https:\/\/api.w.org\/{rel}","templated":true}]}}