{"id":2998,"date":"2022-11-29T09:55:10","date_gmt":"2022-11-29T09:55:10","guid":{"rendered":"https:\/\/profeel.bzh\/wordpress\/?p=2998"},"modified":"2022-11-29T09:55:10","modified_gmt":"2022-11-29T09:55:10","slug":"agression-prostituee","status":"publish","type":"post","link":"https:\/\/profeel.bzh\/wordpress\/agression-prostituee\/","title":{"rendered":"Agression prostituee"},"content":{"rendered":"<p>Jul 22, 2021 Mais si laccus\u00e9 avait reconnu s\u00eatre montr\u00e9 violent, il continue de nier lagression sexuelle aggrav\u00e9e Sep 8, 2021 Une seconde femme, \u00e9galement pr\u00e9sente dans lune des chambres du logement, a \u00e9t\u00e9 gri\u00e8vement bless\u00e9e suite \u00e0 lagression Dec 18, 2020 Neuf jeunes, dont six mineurs, ont \u00e9t\u00e9 incarc\u00e9r\u00e9s apr\u00e8s une s\u00e9rie dagressions commises \u00e0 Metz sur des prostitu\u00e9es auxquelles ils d\u00e9robaient <img decoding=\"async\" src=\"https:\/\/img.20mn.fr\/ZBtucNFBQL-6varCys-5sw\/310x190_photo-illustration-prostituee-2013-bordeaux.jpg\" alt=\"agression prostituee\" align=\"left\"> Suite aux r\u00e9v\u00e9lations sur lagression du joueur du PSG Ander Herrera au sein du Bois de Boulogne, Cyril Hanouna a accueilli Samantha Aug 26, 2020 Deux ans de prison ferme pour avoir agress\u00e9 et vol\u00e9 des prostitu\u00e9es \u00e0 Chartres. Un Mainvillois et un Luc\u00e9en ont \u00e9t\u00e9 condamn\u00e9s \u00e0 deux ans de Meurtres dans la prostitution, viols, agressions Les personnes prostitu\u00e9es sont sans doute celles qui paient le tribut le plus lourd \u00e0 la violence Si vous \u00eates t\u00e9moin ou victime de faits n\u00e9cessitant une intervention imm\u00e9diate de services de police ou de secours, par exemple: Une agression. Un accident Oct 27, 2021 Lentourage dAnder Herrera, victime dune agression mardi soir. Du PSG a \u00e9t\u00e9 agress\u00e9 par une prostitu\u00e9e aux abords du bois de Boulogne Nov 17, 2021 Un Jovinien et un Dijonnais ont \u00e9t\u00e9 condamn\u00e9s, ce mercredi 17 novembre 2021, par le tribunal correctionnel dAuxerre, pour un vol commis fin Dec 3, 2021 Lhomme ira quelques ann\u00e9es en prison pour agression sexuelle sur mineure. Malgr\u00e9 la situation, la m\u00e8re de Val\u00e9rie soutient son conjoint Oct 10, 2017 Pierre Bordereau avait donn\u00e9 six coups de couteau \u00e0 la prostitu\u00e9e avec l. Les assises de Seine-et-Marne pour lagression dune prostitu\u00e9e Oct 6, 2021 Un habitant de Carpentras, \u00e2g\u00e9 de 22 ans, a \u00e9t\u00e9 interpell\u00e9 mardi sur la commune gardoise des Angles apr\u00e8s lagression dune prostitu\u00e9e <img decoding=\"async\" src=\"https:\/\/cdn-s-www.ledauphine.com\/images\/97D126D4-D031-459A-8177-2CC80F9869AB\/NW_raw\/c-est-sur-le-bord-de-la-rd-1085-(anciennement-la-rn-85)-ou-elle-se-prostituait-dans-une-camionnettecomme-celle-ci-que-la-victime-a-ete-agressee-par-deux-hommes-dont-les-intentions-n-etaient-pas-sexuellesmais-crapuleuses-photo-dl-sebastien-dudonne-1538776507.jpg\" alt=\"agression prostituee\" align=\"center\"> Nov 8, 2018 La victime a \u00e9t\u00e9 contrainte davoir une relation sexuelle avec son agresseur. Ce dernier lui a \u00e9galement d\u00e9rob\u00e9 150 euros Oct 27, 2021 Le nom du joueur du PSG agress\u00e9 par une prostitu\u00e9e au Bois de Boulogne a fuit\u00e9. Il sagit dAnder Herrera selon les informations de 20 Aujourdhui, pr\u00e9cise le rapport, la prostitution rev\u00eat des formes diverses. Sexuelles \u00e0 se faire conna\u00eetre, sexprimer, et stigmatiser leurs agresseurs Jul 7, 2021 \u00c0 Chamb\u00e9ry, un homme a \u00e9t\u00e9 plac\u00e9 en d\u00e9tention et mis en examen, suspect\u00e9 davoir agress\u00e9 des prostitu\u00e9es et viol\u00e9 lune delles 1 day ago Lagression sest d\u00e9roul\u00e9e alors quelles se baladaient.. Les chantages et les scandales publics tout en contr\u00f4lant la prostitution Dec 19, 2016 Les prostitu\u00e9es en activit\u00e9 \u00e0 Paris sont r\u00e9guli\u00e8rement victimes dagresseurs en s\u00e9rie, mais elles portent rarement plainte par crainte Oct 6, 2021 Lagression \u00e9tait survenue \u00e0 Montb\u00e9liard le 12 septembre dans un appartement situ\u00e9 devant la gare. Photo ER A. L <img decoding=\"async\" src=\"https:\/\/img.lamontagne.fr\/RqW7WqjctJewwkLoRD9_3128Opf6JZgmvQJ82e8IX7Q\/fit\/657\/438\/sm\/0\/bG9jYWw6Ly8vMDAvMDAvMDUvOTgvOTUvMjAwMDAwNTk4OTU3MA.jpg\" alt=\"agression prostituee\" align=\"right\">.<\/p>\n","protected":false},"excerpt":{"rendered":"<p>Jul 22, 2021 Mais si laccus\u00e9 avait reconnu s\u00eatre montr\u00e9 violent, il continue de nier lagression sexuelle aggrav\u00e9e Sep 8, 2021 Une seconde femme, \u00e9galement pr\u00e9sente dans lune des chambres du logement, a \u00e9t\u00e9 gri\u00e8vement bless\u00e9e suite \u00e0 lagression Dec 18, 2020 Neuf jeunes, dont six mineurs, ont \u00e9t\u00e9 incarc\u00e9r\u00e9s apr\u00e8s une s\u00e9rie dagressions commises [&hellip;]<\/p>\n","protected":false},"author":1,"featured_media":0,"comment_status":"closed","ping_status":"closed","sticky":false,"template":"","format":"standard","meta":{"footnotes":""},"categories":[],"tags":[],"class_list":["post-2998","post","type-post","status-publish","format-standard","hentry"],"_links":{"self":[{"href":"https:\/\/profeel.bzh\/wordpress\/wp-json\/wp\/v2\/posts\/2998","targetHints":{"allow":["GET"]}}],"collection":[{"href":"https:\/\/profeel.bzh\/wordpress\/wp-json\/wp\/v2\/posts"}],"about":[{"href":"https:\/\/profeel.bzh\/wordpress\/wp-json\/wp\/v2\/types\/post"}],"author":[{"embeddable":true,"href":"https:\/\/profeel.bzh\/wordpress\/wp-json\/wp\/v2\/users\/1"}],"replies":[{"embeddable":true,"href":"https:\/\/profeel.bzh\/wordpress\/wp-json\/wp\/v2\/comments?post=2998"}],"version-history":[{"count":0,"href":"https:\/\/profeel.bzh\/wordpress\/wp-json\/wp\/v2\/posts\/2998\/revisions"}],"wp:attachment":[{"href":"https:\/\/profeel.bzh\/wordpress\/wp-json\/wp\/v2\/media?parent=2998"}],"wp:term":[{"taxonomy":"category","embeddable":true,"href":"https:\/\/profeel.bzh\/wordpress\/wp-json\/wp\/v2\/categories?post=2998"},{"taxonomy":"post_tag","embeddable":true,"href":"https:\/\/profeel.bzh\/wordpress\/wp-json\/wp\/v2\/tags?post=2998"}],"curies":[{"name":"wp","href":"https:\/\/api.w.org\/{rel}","templated":true}]}}