{"id":2982,"date":"2022-11-29T09:54:15","date_gmt":"2022-11-29T09:54:15","guid":{"rendered":"https:\/\/profeel.bzh\/wordpress\/?p=2982"},"modified":"2022-11-29T09:54:15","modified_gmt":"2022-11-29T09:54:15","slug":"rencontre-hollande-marine-le-pen","status":"publish","type":"post","link":"https:\/\/profeel.bzh\/wordpress\/rencontre-hollande-marine-le-pen\/","title":{"rendered":"Rencontre hollande marine le pen"},"content":{"rendered":"<p>5 hours ago Revivez avec nous lactualit\u00e9 politique et la campagne des candidats en ce vendredi 17 d\u00e9cembre, en vue de l\u00e9lection pr\u00e9sidentielle 2022 <img decoding=\"async\" src=\"https:\/\/images.rtl.fr\/~c\/880v587\/rtl\/www\/1151237-marine-le-pen-presidente-du-front-nationale-le-29-janvier-2016.jpg\" alt=\"rencontre hollande marine le pen\" align=\"center\"> Apr 26, 2017 Fran\u00e7ois Hollande a demand\u00e9 \u00e0 tout le gouvernement de sengager pleinement dans la campagne \u00e9lectorale pour que Marine Le Pen ait le score Nov 25, 2015 Lorsque le chef de lEtat a re\u00e7u la pr\u00e9sidente du Front national, deux jours apr\u00e8s les attaques terroristes, les arri\u00e8re-pens\u00e9es politiques Emmanuel Macron Toutes ses news, photos exclusives et vid\u00e9os avant tout le monde avec Purepeople Mar 16, 2017 Emmanuel Macron a rencontr\u00e9 jeudi \u00e0 Berlin la chanceli\u00e8re allemande, Angela Merkel. En janvier, elle avait d\u00e9j\u00e0 re\u00e7u Fran\u00e7ois Fillon Jun 22, 2015 La derni\u00e8re livraison du barom\u00e8tre IpsosLe Point montre \u00e9galement que le Premier ministre Manuel Valls limite la casse apr\u00e8s avoir travers\u00e9 une Mar 20, 2019 Dans un courrier adress\u00e9 \u00e0 la rectrice des Hauts-de-France, la pr\u00e9sidente du RN demande que la visite de Fran\u00e7ois Hollande, pr\u00e9vue vendredi <img decoding=\"async\" src=\"https:\/\/photos.tf1.fr\/1200\/720\/elections-europeennes-va-voter-francois-hollande-47532-ffba9b-0@1x.jpg\" alt=\"rencontre hollande marine le pen\" align=\"right\"> Selon les derni\u00e8res estimations \u00e0 l\u00e9chelle nationale, le socialiste Fran\u00e7ois Hollande obtiendrait 29, 2 des voix devant le pr\u00e9sident sortant Nicolas Mar 23, 2017 NDJAMENA Reuters-Marine Le Pen a dit mercredi son intention de mettre un terme \u00e0 la politique de la Fran\u00e7afrique en cas de victoire \u00e0 16 hours ago Vingt ans apr\u00e8s une premi\u00e8re candidature, lancienne ministre de la Justice sous Fran\u00e7ois Hollande donnera sa r\u00e9ponse d\u00e9finitive mi-janvier A un an de la prochaine \u00e9lection pr\u00e9sidentielle, Marine Le Pen veut mettre toutes les chances de son c\u00f4t\u00e9. Aussi, la leader du Front National 4 days ago Chef de file de camps oppos\u00e9s dans lUE, leurophile Emmanuel Macron et le nationaliste Viktor Orban ont pourtant affich\u00e9 leur bonne entente Mar 20, 2019 Dans un courrier dat\u00e9 de mardi, obtenu mercredi par lAFP, et adress\u00e9 \u00e0 la rectrice Val\u00e9rie Cabuil, la pr\u00e9sidente du RN et d\u00e9put\u00e9e du Pas-de-A quinze jours du G20 qui se tient au Mexique, Fran\u00e7ois Hollande re\u00e7oit cette semaine les chefs de parti \u00e0 lElys\u00e9e ainsi que les pr\u00e9sidents de lAssembl\u00e9e 8 days ago Un nouveau sondage place Val\u00e9rie P\u00e9cresse au deuxi\u00e8me tour de l\u00e9lection avec 19 derri\u00e8re Emmanuel Macron 24. Pr\u00e8s dun Fran\u00e7ais sur deux n <img decoding=\"async\" src=\"https:\/\/www.challenges.fr\/assets\/img\/2017\/03\/24\/cover-r4x3w1000-58d5002a1f6a0-000-my4yo.jpg\" alt=\"rencontre hollande marine le pen\" align=\"left\">.<\/p>\n","protected":false},"excerpt":{"rendered":"<p>5 hours ago Revivez avec nous lactualit\u00e9 politique et la campagne des candidats en ce vendredi 17 d\u00e9cembre, en vue de l\u00e9lection pr\u00e9sidentielle 2022 Apr 26, 2017 Fran\u00e7ois Hollande a demand\u00e9 \u00e0 tout le gouvernement de sengager pleinement dans la campagne \u00e9lectorale pour que Marine Le Pen ait le score Nov 25, 2015 Lorsque le [&hellip;]<\/p>\n","protected":false},"author":1,"featured_media":0,"comment_status":"closed","ping_status":"closed","sticky":false,"template":"","format":"standard","meta":{"footnotes":""},"categories":[],"tags":[],"class_list":["post-2982","post","type-post","status-publish","format-standard","hentry"],"_links":{"self":[{"href":"https:\/\/profeel.bzh\/wordpress\/wp-json\/wp\/v2\/posts\/2982","targetHints":{"allow":["GET"]}}],"collection":[{"href":"https:\/\/profeel.bzh\/wordpress\/wp-json\/wp\/v2\/posts"}],"about":[{"href":"https:\/\/profeel.bzh\/wordpress\/wp-json\/wp\/v2\/types\/post"}],"author":[{"embeddable":true,"href":"https:\/\/profeel.bzh\/wordpress\/wp-json\/wp\/v2\/users\/1"}],"replies":[{"embeddable":true,"href":"https:\/\/profeel.bzh\/wordpress\/wp-json\/wp\/v2\/comments?post=2982"}],"version-history":[{"count":0,"href":"https:\/\/profeel.bzh\/wordpress\/wp-json\/wp\/v2\/posts\/2982\/revisions"}],"wp:attachment":[{"href":"https:\/\/profeel.bzh\/wordpress\/wp-json\/wp\/v2\/media?parent=2982"}],"wp:term":[{"taxonomy":"category","embeddable":true,"href":"https:\/\/profeel.bzh\/wordpress\/wp-json\/wp\/v2\/categories?post=2982"},{"taxonomy":"post_tag","embeddable":true,"href":"https:\/\/profeel.bzh\/wordpress\/wp-json\/wp\/v2\/tags?post=2982"}],"curies":[{"name":"wp","href":"https:\/\/api.w.org\/{rel}","templated":true}]}}