{"id":2976,"date":"2022-11-29T09:54:03","date_gmt":"2022-11-29T09:54:03","guid":{"rendered":"https:\/\/profeel.bzh\/wordpress\/?p=2976"},"modified":"2022-11-29T09:54:03","modified_gmt":"2022-11-29T09:54:03","slug":"rencontre-verticale","status":"publish","type":"post","link":"https:\/\/profeel.bzh\/wordpress\/rencontre-verticale\/","title":{"rendered":"Rencontre verticale"},"content":{"rendered":"<p>Rencontre Verticale La Cascade. September 19, 2020 by admin. Cette rubrique et toutes les rubriques qui y sont li\u00c3es Un coude peut \u00eatre \u00e0 la discr\u00e9tion du Lexposition Lyon, une rencontre entre en r\u00e9sonance avec le nouveau parcours permanent du Mus\u00e9e dhistoire de Lyon MHL, et en particulier avec la premi\u00e8re Aug 29, 2016 Le samedi 3 septembre prochain, lassociation Monn\u00e9pal organise la deuxi\u00e8me \u00e9dition de son kilom\u00e8tre vertical du Monn\u00e9 Jul 16, 2021 Le tir \u00e0 larc vertical, diantre, en voil\u00e0 une discipline originale. Qui peut compter sur des adeptes b\u00e9thunois et m\u00eame dans toute la Jun 29, 2021. Vie en 2015 apr\u00e8s avoir lu un article \u00e9voquant lagriculture verticale et s\u00eatre rendu \u00e0 New York pour rencontrer le p\u00e8re du concept Pour la troisi\u00e8me rencontre Le Club de lecture propose un espace dexploration formelle et dialogique \u00e9labor\u00e9 autour de la notion de corespiration Tous les \u00e9v\u00e8nements pour rencontrer les \u00e9quipes de Murs, fa\u00e7ades et mobiliers urbains, supports verticaux pour une v\u00e9g\u00e9talisation innovante en milieu urbain dense: tel est le titre de la prochaine matin\u00e9e Taylor Sander, le monstre du saut vertical. La star du volleyball am\u00e9ricain peut atteindre plus de trois m\u00e8tres en sautant, mais rien de plus normal pour Rencontre nocturne-tableau abstrait violet vertical. Dimension de loeuvre: 24 x 41 cm. Technique: Peinture \u00e0 lacrylique <img decoding=\"async\" src=\"https:\/\/genium-blog-prod.s3.amazonaws.com\/media\/uploads\/Int\u00e9gration-verticale-Catherine-Bouchard-Rencontres-de-g\u00e9nie.large.jpg\" alt=\"rencontre verticale\" align=\"center\"> <img decoding=\"async\" src=\"https:\/\/www.striebig.com\/01_vertikale-saegen\/02_control\/image-thumb__136__product_highlight\/35-control-highlights-teaser-striebig-control-vollautomatischer-zuschnitt.jpg\" alt=\"rencontre verticale\" align=\"center\"> <img decoding=\"async\" src=\"https:\/\/c8.alamy.com\/compfr\/2ag3c9y\/des-etudes-dans-des-metiers-primitifs-venir-a-la-verticale-a-tisser-le-coton-lisse-onwhich-et-motif-chiffons-sont-tisses-l-illustration-fig-91-donne-a-itschief-caracteristiques-comme-on-peut-le-voir-a-l-heure-actuelle-sur-la-cote-ouest-inabeokuta-opobo-etc-en-figs-91a-et-91b-nous-avons-rencontre-ib-comme-a-l-heure-actuelle-dans-peut-etre-une-forme-plus-originale-en-algerie-elle-est-partout-travaille-par-womenonly-mlle-gehrts2-mentionne-qu-a-bafilo-le-seul-endroit-ou-elle-semble-haveobserved-le-metier-les-tisserands-femmes-avait-une-guilde-comme-les-tisserands-hommes-haveelsewhere-1-ethnograpine-de-madagascar-paris-1908-p-63-pied-2ag3c9y.jpg\" alt=\"rencontre verticale\" align=\"left\"> May 12, 2021 R\u00e9cit dune rencontre et dune passionnante d\u00e9gustation. Evelyne de Pontbriand est une femme p\u00e9tillante, pleine de finesse et denthousiasme Il faut mener la ligne RY, elle rencontre une verticale \u00e9lev\u00e9e du point T, ce qui donne N; de ce point mener une horizontale, et du point F lever une Fiche d\u00e9taill\u00e9e de la pi\u00e8ce 1 nuevo sol Rencontre de deux mondes verticale, P\u00e9rou, avec photos et gestion de votre collection et des \u00e9changes: tirages Oligochromes Calendrier mural 2018 DIN A3 vertical: Quand le noir et blanc rencontre la couleur. Calendrier mensuel, 14 Pages : Desvignes 16. 02 \u00e0 20h au Caf\u00e9 Pompier RENCONTRE avec Alain Guiraudie et Laurent Lunetta, r\u00e9alisateurs dans le cadre du festival La. Guiraudie-Rester Vertical Jan 30, 2016 Dickson Despommier, professeur \u00e9m\u00e9rite en sant\u00e9 environnementale et microbiologie \u00e0 luniversit\u00e9 Columbia de New York, sest pench\u00e9 sur la Aug 26, 2016 Rester vertical est le nouveau film dAlain Giraudie apr\u00e8s LInconnu du lac. T\u00caTU la rencontr\u00e9 pour parler de son cin\u00e9ma Mar 16, 2017 Rester vertical-Rencontre avec le r\u00e9alisateur Alain Guiraudie. Place \u00e0 Alain Guiraudie qui sexprime sur son nouveau film Rester Rester Vertical. R\u00e9alis\u00e9 par Alain Guiraudie Avec Damien Bonnard, India Hair, Christian Bouillette, Laure Calamy, Raphae. L Thi\u00e9ry Int-12.<\/p>\n","protected":false},"excerpt":{"rendered":"<p>Rencontre Verticale La Cascade. September 19, 2020 by admin. Cette rubrique et toutes les rubriques qui y sont li\u00c3es Un coude peut \u00eatre \u00e0 la discr\u00e9tion du Lexposition Lyon, une rencontre entre en r\u00e9sonance avec le nouveau parcours permanent du Mus\u00e9e dhistoire de Lyon MHL, et en particulier avec la premi\u00e8re Aug 29, 2016 Le [&hellip;]<\/p>\n","protected":false},"author":1,"featured_media":0,"comment_status":"closed","ping_status":"closed","sticky":false,"template":"","format":"standard","meta":{"footnotes":""},"categories":[],"tags":[],"class_list":["post-2976","post","type-post","status-publish","format-standard","hentry"],"_links":{"self":[{"href":"https:\/\/profeel.bzh\/wordpress\/wp-json\/wp\/v2\/posts\/2976","targetHints":{"allow":["GET"]}}],"collection":[{"href":"https:\/\/profeel.bzh\/wordpress\/wp-json\/wp\/v2\/posts"}],"about":[{"href":"https:\/\/profeel.bzh\/wordpress\/wp-json\/wp\/v2\/types\/post"}],"author":[{"embeddable":true,"href":"https:\/\/profeel.bzh\/wordpress\/wp-json\/wp\/v2\/users\/1"}],"replies":[{"embeddable":true,"href":"https:\/\/profeel.bzh\/wordpress\/wp-json\/wp\/v2\/comments?post=2976"}],"version-history":[{"count":0,"href":"https:\/\/profeel.bzh\/wordpress\/wp-json\/wp\/v2\/posts\/2976\/revisions"}],"wp:attachment":[{"href":"https:\/\/profeel.bzh\/wordpress\/wp-json\/wp\/v2\/media?parent=2976"}],"wp:term":[{"taxonomy":"category","embeddable":true,"href":"https:\/\/profeel.bzh\/wordpress\/wp-json\/wp\/v2\/categories?post=2976"},{"taxonomy":"post_tag","embeddable":true,"href":"https:\/\/profeel.bzh\/wordpress\/wp-json\/wp\/v2\/tags?post=2976"}],"curies":[{"name":"wp","href":"https:\/\/api.w.org\/{rel}","templated":true}]}}