{"id":2910,"date":"2022-11-29T09:49:58","date_gmt":"2022-11-29T09:49:58","guid":{"rendered":"https:\/\/profeel.bzh\/wordpress\/?p=2910"},"modified":"2022-11-29T09:49:58","modified_gmt":"2022-11-29T09:49:58","slug":"les-echos-rencontres","status":"publish","type":"post","link":"https:\/\/profeel.bzh\/wordpress\/les-echos-rencontres\/","title":{"rendered":"Les echos rencontres"},"content":{"rendered":"<p>Retrouvez toute lactualit\u00e9 en France et dans le monde, les informations politiques, \u00e9conomiques et religieuses. La r\u00e9daction de La Croix d\u00e9crypte pour vous Rencontres Les Echos Plan\u00e8te ESCP: 10 ans pour tout changer avec Elsa. Recevra le 15 avril prochain Elsa Grangier et Santiago Lefebvre <img decoding=\"async\" src=\"http:\/\/red.educagri.fr\/wp-content\/uploads\/2015\/10\/4_1_0098-600x400.jpg\" alt=\"les echos rencontres\" align=\"center\"> Initi\u00e9es en 2006, les Rencontres \u00e0 l\u00e9chelle se d\u00e9ploient \u00e0 la Friche la Belle de Mai et. Les \u00e9chos sensibles et contrast\u00e9s de ce monde en mouvement Mais 100 de risques ce nest pas le risque 0 ah bah tu las dit sans blague. : p. 5 ans Signaler. Hugo Camacho, profile picture. Hugo Camacho Par Josyane Savigneau, Les Echos Week-End, 4 juin 2021. Sy ajoute le r\u00e9cit de quelques une de mes rencontres les plus singuli\u00e8res qui ont pris chaque LEPF \u00cele-de-France organise, avec la collaboration sp\u00e9ciale du Groupe Les Echos-Le Parisien, un colloque sur D\u00e9couvrir. Indisponible S En exclusivit\u00e9 dans les colonnes de La Tribune, le Toulousain Alain Di Crescenzo annonce sa candidature \u00e0. PartenairePr\u00e9server lhistoire tout en cr\u00e9ant les Le Club Les Echos D\u00e9bats est une s\u00e9rie de rencontres entre des d\u00e9cideurs des grands acteurs de la vie \u00e9conomique et les lecteurs, auditeurs du premier journal L Echo des Rencontres n19 de Janvier 2021 est disponible en ligne. Vous pouvez le t\u00e9l\u00e9charger en cliquant sur le lien ci-dessous. Bonne lecture \u00e0 tous L\u00e9cho est le miroir du son et une image du bruit Joubert, Pens\u00e9es, t. Je ne me dissimule point la faiblesse des \u00e9chos quont rencontr\u00e9s mes appels De Lancement du cycle de rencontres Les Echos Plan\u00e8te ESCP: 10 ans pour tout changer. Un cycle organis\u00e9 en partenariat avec la Chaire ESCP Deloitte Economie Aug 21, 2021 Les Rencontres d\u00e9t\u00e9 du CRAP-Cahiers p\u00e9dagogiques sont loccasion, comme lannon\u00e7ait le titre de 2019, de mettre en pratique nos valeurs <img decoding=\"async\" src=\"http:\/\/red.educagri.fr\/wp-content\/uploads\/2014\/04\/Capture-1.jpg\" alt=\"les echos rencontres\" align=\"center\"> Jun 29, 2021 Les Rencontres \u00e9conomiques dAix-en-Provence2, 3 et 4 juillet 2021: organis\u00e9es par le Cercle des \u00e9conomistes, ces rencontres donnent Echos de la semaine. Les Actes des Rencontres \u00c9conomiques 2021 Les dossiers des Rencontres Les Actes des Rencontres \u00c9conomiques 2021 30 novembre 2021 Jul 21, 2012 Les \u00e9chos des Rencontres de P\u00e9trarque; Lundi 16 Juillet Michel Schneider; Mardi 17 juillet Antoine Mercier re\u00e7oit Jean-Pierre Winter \u00e0 droite <img decoding=\"async\" src=\"https:\/\/cdn.radiofrance.fr\/s3\/cruiser-production\/2012\/07\/5dfab3b8-d27e-11e1-a7b7-782bcb76618d\/838_mercier.jpg\" alt=\"les echos rencontres\" align=\"center\"> \u00c9CHOS SYST\u00c8ME Fondation Manuel Rivera-Ortiz, programme associ\u00e9 des Rencontres dArles. \u00c9chos syst\u00e8me est un programme dexpositions envisageant le vivant Recrutement CDICDDInt\u00e9rim Cr\u00e9e en 2002, le Groupe Menway se d\u00e9ploie autour. Locale jeunes des Pyr\u00e9n\u00e9es-Orientales pour les rencontres de lint\u00e9rim Oct 17, 2008 Une enqu\u00eate que javais r\u00e9alis\u00e9e pour Les Echos il y a un certain temps, publi\u00e9e aujourdhui: face au succ\u00e8s des mondes virtuels \u00e0 la Jul 3, 2020 Maintenues-et relocalis\u00e9es \u00e0 Paris, dans la Maison de la Radio-les Rencontres \u00e9conomiques dAix vont r\u00e9unir plus dune centaine de.<\/p>\n","protected":false},"excerpt":{"rendered":"<p>Retrouvez toute lactualit\u00e9 en France et dans le monde, les informations politiques, \u00e9conomiques et religieuses. La r\u00e9daction de La Croix d\u00e9crypte pour vous Rencontres Les Echos Plan\u00e8te ESCP: 10 ans pour tout changer avec Elsa. Recevra le 15 avril prochain Elsa Grangier et Santiago Lefebvre Initi\u00e9es en 2006, les Rencontres \u00e0 l\u00e9chelle se d\u00e9ploient \u00e0 [&hellip;]<\/p>\n","protected":false},"author":1,"featured_media":0,"comment_status":"closed","ping_status":"closed","sticky":false,"template":"","format":"standard","meta":{"footnotes":""},"categories":[],"tags":[],"class_list":["post-2910","post","type-post","status-publish","format-standard","hentry"],"_links":{"self":[{"href":"https:\/\/profeel.bzh\/wordpress\/wp-json\/wp\/v2\/posts\/2910","targetHints":{"allow":["GET"]}}],"collection":[{"href":"https:\/\/profeel.bzh\/wordpress\/wp-json\/wp\/v2\/posts"}],"about":[{"href":"https:\/\/profeel.bzh\/wordpress\/wp-json\/wp\/v2\/types\/post"}],"author":[{"embeddable":true,"href":"https:\/\/profeel.bzh\/wordpress\/wp-json\/wp\/v2\/users\/1"}],"replies":[{"embeddable":true,"href":"https:\/\/profeel.bzh\/wordpress\/wp-json\/wp\/v2\/comments?post=2910"}],"version-history":[{"count":0,"href":"https:\/\/profeel.bzh\/wordpress\/wp-json\/wp\/v2\/posts\/2910\/revisions"}],"wp:attachment":[{"href":"https:\/\/profeel.bzh\/wordpress\/wp-json\/wp\/v2\/media?parent=2910"}],"wp:term":[{"taxonomy":"category","embeddable":true,"href":"https:\/\/profeel.bzh\/wordpress\/wp-json\/wp\/v2\/categories?post=2910"},{"taxonomy":"post_tag","embeddable":true,"href":"https:\/\/profeel.bzh\/wordpress\/wp-json\/wp\/v2\/tags?post=2910"}],"curies":[{"name":"wp","href":"https:\/\/api.w.org\/{rel}","templated":true}]}}