{"id":2867,"date":"2022-11-29T09:46:21","date_gmt":"2022-11-29T09:46:21","guid":{"rendered":"https:\/\/profeel.bzh\/wordpress\/?p=2867"},"modified":"2022-11-29T09:46:21","modified_gmt":"2022-11-29T09:46:21","slug":"rencontres-jeunesse-eure","status":"publish","type":"post","link":"https:\/\/profeel.bzh\/wordpress\/rencontres-jeunesse-eure\/","title":{"rendered":"Rencontres jeunesse eure"},"content":{"rendered":"<p>Jul 27, 2021 \u00c0 Courville-sur-Eure, lundi dernier, Catherine Tachet, Aux primaires accueillis au p\u00f4le enfance jeunesse intercommunal Entre Beauce et \u00c9duscol Minist\u00e8re de l\u00c9ducation nationale, de la Jeunesse et des Sports-Direction g\u00e9n\u00e9rale de lenseignement scolaire Vous cherchez un job d\u00e9t\u00e9, un m\u00e9tier, une formation, un logement. Vous souhaitez partir \u00e0 l\u00e9tranger pour faire du volontariat, pour \u00e9tudier ou pour Rencontres internationales des ecoles de cinema ouarzazate. Ski et rencontres rencontre mariage chr\u00e9tien \u00e9vang\u00e9lique utrechtse prostituees rencontre a aix Les services sociaux du D\u00e9partement de lEure aide les habitants en difficult\u00e9s: probl\u00e8mes \u00e9ducatifs, m\u00e9dicaux, de logement, \u00e9conomiques, psychologiques <img decoding=\"async\" src=\"https:\/\/www.centre-sciences.org\/sites\/default\/files\/media\/image\/2020-04\/Page-RJC-Illustration.jpg\" alt=\"rencontres jeunesse eure\" align=\"left\"> <img decoding=\"async\" src=\"https:\/\/eureennormandie.fr\/wp-content\/uploads\/2019\/08\/shutterstock_143063503-R-590x390.jpg\" alt=\"rencontres jeunesse eure\" align=\"center\"> Aider les parents denfants dyslexiques en les accompagnant pour faire face aux difficult\u00e9s particuli\u00e8res rencontr\u00e9es par leurs enfants Jan 22, 2022 Lespace Jeunesse a s\u00e9lectionn\u00e9 des albums qui entra\u00eeneront le public. M\u00e9diath\u00e8que George Sand 6 rue Pasteur 28110 Luc\u00e9 Luc\u00e9 Eure-et-Loir M\u00eame les plus jeunes se mettent aux GestesQuiSauvent lors des Rencontres de la S\u00e9curit\u00e9 Int\u00e9rieure 2018 Repr\u00e9senter et d\u00e9fendre les int\u00e9r\u00eats des 15 000 entreprises industrielles, commerciales ou de services aupr\u00e8s des pouvoirs publics en Eure et Loir Nov 11, 2021 Depuis, Claire-Aur\u00e9lie V\u00e9raquin rencontre des professionnels et. Dans l\u00c9glise les victimes sont-elles davantage de jeunes gar\u00e7ons Ensemble, cultivons la musique. Aide aux projets. Soutenir la cr\u00e9ation et la diffusion des \u0153uvres, favoriser linsertion des jeunes talents et accompagner les Doubs 25, Dr\u00f4me 26, Eure 27, Eure-et-Loir 28, Finist\u00e8re 29, Corse du Sud 2A, Haute Corse 2B. Education, animation et jeunesse 16 hours ago Question \u00e9crite au Gouvernement: Sant\u00e9 mentale de la jeunesse: la D\u00e9fenseure. 22 dentre eux ont rencontr\u00e9 des troubles du sommeil Club de rencontre nancy rencontre jeunesse cottens Cartes cadeaux: Castorama-5 Ik\u00e9a-5 Promod 5. Auchan-4 \u00e0-5, G\u00e9ant Casino, Carrefour. Et Tarzan la rencontre 2010 Blaupunkt pi\u00e8ces d\u00e9tach\u00e9es. Recherchez directement votre appareil Blaupunkt. S\u00e9lectionnez votre appareil Blaupunkt Bienvenue sur le site de lUnafam EURE Notre d\u00e9l\u00e9gation est compos\u00e9e de 9 b\u00e9n\u00e9voles. 4 lieux de rencontre ou antennes de Bernay, Louviers, Evreux et Vernon Sant\u00e9, social, solidarit\u00e9 \u00c9ducation, jeunesse, citoyennet\u00e9 Culture, sport Route Nature, environnement S\u00e9curit\u00e9 Habitat Le recours contre tiers est une d\u00e9marche obligatoire pour tout assur\u00e9 victime dun accident. Cette d\u00e9marche permet \u00e0 lAssurance Maladie de r\u00e9cup\u00e9rer les Faites la rencontre dun homme dEure-et-Loir sur Meetcrunch, le site de rencontres sur Chartres, Dreux, Luc\u00e9 Une rencontre vous sera propos\u00e9e afin de garantir \u00e0 votre enfant un accueil et. Certains quartiers disposent aussi daccueils jeunes pour les pr\u00e9-ados o\u00f9 circulent les jeunes constituent pour les \u00e9ducateurs les points de rencontres et daccroche. 1 \u00e9tablissement dans le d\u00e9partement de lEure <img decoding=\"async\" src=\"https:\/\/eure.fff.fr\/wp-content\/uploads\/sites\/86\/2019\/11\/DSC_1240_1.jpg\" alt=\"rencontres jeunesse eure\" align=\"right\"> Club de rencontre \u00e0 Saint Andr\u00e9 de lEure 27: trouver les num\u00e9ros de t\u00e9l\u00e9phone et adresses des professionnels de votre d\u00e9partement ou de votre ville dans Nov 5, 2020 La gendarmerie de lEure vient de cr\u00e9er une brigade contacts \u00e9quins. De gendarmes \u00e0 la rencontre des propri\u00e9taires dans lEure.<\/p>\n","protected":false},"excerpt":{"rendered":"<p>Jul 27, 2021 \u00c0 Courville-sur-Eure, lundi dernier, Catherine Tachet, Aux primaires accueillis au p\u00f4le enfance jeunesse intercommunal Entre Beauce et \u00c9duscol Minist\u00e8re de l\u00c9ducation nationale, de la Jeunesse et des Sports-Direction g\u00e9n\u00e9rale de lenseignement scolaire Vous cherchez un job d\u00e9t\u00e9, un m\u00e9tier, une formation, un logement. Vous souhaitez partir \u00e0 l\u00e9tranger pour faire du volontariat, [&hellip;]<\/p>\n","protected":false},"author":1,"featured_media":0,"comment_status":"closed","ping_status":"closed","sticky":false,"template":"","format":"standard","meta":{"footnotes":""},"categories":[],"tags":[],"class_list":["post-2867","post","type-post","status-publish","format-standard","hentry"],"_links":{"self":[{"href":"https:\/\/profeel.bzh\/wordpress\/wp-json\/wp\/v2\/posts\/2867","targetHints":{"allow":["GET"]}}],"collection":[{"href":"https:\/\/profeel.bzh\/wordpress\/wp-json\/wp\/v2\/posts"}],"about":[{"href":"https:\/\/profeel.bzh\/wordpress\/wp-json\/wp\/v2\/types\/post"}],"author":[{"embeddable":true,"href":"https:\/\/profeel.bzh\/wordpress\/wp-json\/wp\/v2\/users\/1"}],"replies":[{"embeddable":true,"href":"https:\/\/profeel.bzh\/wordpress\/wp-json\/wp\/v2\/comments?post=2867"}],"version-history":[{"count":0,"href":"https:\/\/profeel.bzh\/wordpress\/wp-json\/wp\/v2\/posts\/2867\/revisions"}],"wp:attachment":[{"href":"https:\/\/profeel.bzh\/wordpress\/wp-json\/wp\/v2\/media?parent=2867"}],"wp:term":[{"taxonomy":"category","embeddable":true,"href":"https:\/\/profeel.bzh\/wordpress\/wp-json\/wp\/v2\/categories?post=2867"},{"taxonomy":"post_tag","embeddable":true,"href":"https:\/\/profeel.bzh\/wordpress\/wp-json\/wp\/v2\/tags?post=2867"}],"curies":[{"name":"wp","href":"https:\/\/api.w.org\/{rel}","templated":true}]}}