{"id":2837,"date":"2022-11-29T09:43:52","date_gmt":"2022-11-29T09:43:52","guid":{"rendered":"https:\/\/profeel.bzh\/wordpress\/?p=2837"},"modified":"2022-11-29T09:43:52","modified_gmt":"2022-11-29T09:43:52","slug":"suresnes-cite-danse-rencontre-hip-hop","status":"publish","type":"post","link":"https:\/\/profeel.bzh\/wordpress\/suresnes-cite-danse-rencontre-hip-hop\/","title":{"rendered":"Suresnes cit\u00e9 danse rencontre hip hop"},"content":{"rendered":"<p>Avec sa cam\u00e9ra, Luc Riolon nous fait vivre la rencontre entre les danseurs de hip hop et des chor\u00e9graphes contemporains: R\u00e9gis Obadia, Karine Saporta Nov 12, 2020 Quand le festival Suresnes Cit\u00e9s Danse lui demande un solo de cinq minutes en 2011, elle d\u00e9passe largement le temps imparti, et embarque le Affiche Rencontres Hip Hop-Th\u00e9\u00e2tre de Suresnes Jean Vilar. L\u00e9v\u00e9nement Rencontres Hip Hop est r\u00e9f\u00e9renc\u00e9 dans notre rubrique Op\u00e9ras Ballets-Danse <img decoding=\"async\" src=\"https:\/\/i.f1g.fr\/media\/madame\/1900x1900_crop\/sites\/default\/files\/img\/2022\/01\/30-ans-de-hip-hop-a-suresnes-photo-5.jpg\" alt=\"suresnes cit\u00e9 danse rencontre hip hop\" align=\"right\"> Dec 9, 2021 En 30 ans dexistence, le festival Suresnes cit\u00e9s danse a largement contribu\u00e9 \u00e0 une \u00e9volution consid\u00e9rable de la danse hip hop Mar 19, 2020 Olivier Meyer, directeur du th\u00e9\u00e2tre Jean Vilar \u00e0 Suresnes, a invit\u00e9 pendant trois mois cinq chor\u00e9graphes pour cinq cr\u00e9ations autour du hip Le festival Suresnes cit\u00e9s danse a mis le hip hop au rang de la danse contemporaine. Les chor\u00e9graphes de toutes influences sy retrouvent pour Rencontres Hip Hop en concert \u00e0 Paris Th\u00e9\u00e2tre de Suresnes Jean-Vilar Suresnes, le 1 f\u00e9vrier 2022. Avec le soutien de Cit\u00e9s danse connexions Feb 1, 2018 Cette danse a \u00e9t\u00e9 un big bang personnel, qui ma propuls\u00e9e dans le mouvement. Elle rencontre Thony Maskot, figure de la sc\u00e8ne hip-hop, et Jan 14, 2019 Au programme: seize spectacles qui m\u00e9langent hip-hop, danse contemporaine, danses populaires, claquettes. Une fusion de styles pour des Jan 10, 2018 Ce festival donne \u00e0 conna\u00eetre la danse des cit\u00e9s par le biais de rencontres entre chor\u00e9graphes contemporains et danseurs hip hop <img decoding=\"async\" src=\"https:\/\/www.ifp-lisboa.com\/\/content\/uploads\/2021\/02\/SURESNES-site.jpg\" alt=\"suresnes cit\u00e9 danse rencontre hip hop\" align=\"center\"> Jan 2, 2017 AFP-Le premier festival de hip hop en France, Suresnes Cit\u00e9s Danse, f\u00eate ses 25 ans \u00e0 partir de vendredi avec 16 spectacles dont six <img decoding=\"async\" src=\"https:\/\/cdn.radiofrance.fr\/s3\/cruiser-production\/2015\/12\/d990ec9e-a3d9-11e5-b817-005056a87c30\/640_streetdanceclub-dsc-9769copyjulienbenhamou.jpg\" alt=\"suresnes cit\u00e9 danse rencontre hip hop\" align=\"right\"> La 29\u00e8me \u00e9dition du Festival Suresnes cit\u00e9s danse se d\u00e9roulera au Th\u00e9\u00e2tre Jean. Faire dialoguer les partitions du divin Mozart et le hip hop d\u00e9li\u00e9 de Ven. 7 janv. HIP HOP OPENING. Suresnes 92150-92150 Avec sa cam\u00e9ra, Luc Riolon nous fait vivre la rencontre entre les danseurs de hip hop et des chor\u00e9graphes contemporains: R\u00e9gis Obadia, Karine Saporta, Blanca Jan 14, 2020 Il a \u00e9t\u00e9 choisi pour ouvrir le festival Suresnes Cit\u00e9s Danse, le grand rendez-vous fran\u00e7ais de la sc\u00e8ne hip-hop internationale.<\/p>\n","protected":false},"excerpt":{"rendered":"<p>Avec sa cam\u00e9ra, Luc Riolon nous fait vivre la rencontre entre les danseurs de hip hop et des chor\u00e9graphes contemporains: R\u00e9gis Obadia, Karine Saporta Nov 12, 2020 Quand le festival Suresnes Cit\u00e9s Danse lui demande un solo de cinq minutes en 2011, elle d\u00e9passe largement le temps imparti, et embarque le Affiche Rencontres Hip Hop-Th\u00e9\u00e2tre [&hellip;]<\/p>\n","protected":false},"author":1,"featured_media":0,"comment_status":"closed","ping_status":"closed","sticky":false,"template":"","format":"standard","meta":{"footnotes":""},"categories":[],"tags":[],"class_list":["post-2837","post","type-post","status-publish","format-standard","hentry"],"_links":{"self":[{"href":"https:\/\/profeel.bzh\/wordpress\/wp-json\/wp\/v2\/posts\/2837","targetHints":{"allow":["GET"]}}],"collection":[{"href":"https:\/\/profeel.bzh\/wordpress\/wp-json\/wp\/v2\/posts"}],"about":[{"href":"https:\/\/profeel.bzh\/wordpress\/wp-json\/wp\/v2\/types\/post"}],"author":[{"embeddable":true,"href":"https:\/\/profeel.bzh\/wordpress\/wp-json\/wp\/v2\/users\/1"}],"replies":[{"embeddable":true,"href":"https:\/\/profeel.bzh\/wordpress\/wp-json\/wp\/v2\/comments?post=2837"}],"version-history":[{"count":0,"href":"https:\/\/profeel.bzh\/wordpress\/wp-json\/wp\/v2\/posts\/2837\/revisions"}],"wp:attachment":[{"href":"https:\/\/profeel.bzh\/wordpress\/wp-json\/wp\/v2\/media?parent=2837"}],"wp:term":[{"taxonomy":"category","embeddable":true,"href":"https:\/\/profeel.bzh\/wordpress\/wp-json\/wp\/v2\/categories?post=2837"},{"taxonomy":"post_tag","embeddable":true,"href":"https:\/\/profeel.bzh\/wordpress\/wp-json\/wp\/v2\/tags?post=2837"}],"curies":[{"name":"wp","href":"https:\/\/api.w.org\/{rel}","templated":true}]}}