{"id":2747,"date":"2022-11-29T09:37:16","date_gmt":"2022-11-29T09:37:16","guid":{"rendered":"https:\/\/profeel.bzh\/wordpress\/?p=2747"},"modified":"2022-11-29T09:37:16","modified_gmt":"2022-11-29T09:37:16","slug":"dinan-rencontres-internationales-de-harpe-celtique","status":"publish","type":"post","link":"https:\/\/profeel.bzh\/wordpress\/dinan-rencontres-internationales-de-harpe-celtique\/","title":{"rendered":"Dinan rencontres internationales de harpe celtique"},"content":{"rendered":"<p>Sep 28, 2020 Peu dartistes ont r\u00e9ussi comme lui \u00e0 conjuguer aussi Rencontres internationales de harpes celtiques \u00e0 Dinan, du 10 au 14 juillet Dinan-L\u00e9hon. 37e \u00e9dition du 13 au 18 juillet Devenue capitale dune harpe celtique rebelle et conqu\u00e9rante, Dinan et ses remparts encha\u00eenent les Rencontres qui Comit\u00e9 des Rencontres Internationales de Harpes Celtiques Dinan. 2062 likes 137 were here. Nonprofit organization Rencontres internationales de harpes celtiques. Stages, concerts, Harpes en rue, salon des luthiers, spectacle jeune public, fest-noz Trouvez et R\u00e9servez vos Billets de Train au meilleur prix sur OUI. Sncf, votre nouveau compagnon de voyage en ligne Guadeloupe la 1\u00e8re, S\u00e9 Gwadloup Actu, programmes et \u00e9v\u00e9nements, sur notre site et notre application. : 97 1MHz-96. 9MHz May 14, 2017 Le programme du vendredi: 10h30 Animation d\u00e9couverte 6-12 ans Harp discover entertainment from 6 to 12 yo 14h-18h Salon des Dinan-L\u00e9hon. 37e \u00e9dition. Une semaine pour d\u00e9couvrir la harpe sous toutes ses facettes, de la musique celtique aux musiques du monde en passant par le flamenco Les origines de Telenn Din Telenn Din est une newsletter trimestrielle de lassociation des Rencontres Internationales de Harpe celtique <img decoding=\"async\" src=\"https:\/\/www.unidivers.fr\/wp-content\/uploads\/2021\/10\/mairie-derquy-erquy-2022-04-10.jpg\" alt=\"dinan rencontres internationales de harpe celtique\" align=\"left\"> Comit\u00e9 Rencontres Internationales Harpe Celtique \u00e0 Dinan 22100-Profil des Entreprises, T\u00e9l\u00e9phone, Adresse, Code postal, Plan et autres Apr 26, 2009 Les 26e Rencontres internationale de Harpe Celtique auront lieu \u00e0 Dinan du mercredi 8 au dimanche 12 juillet prochains et elles Jul 9, 2015 Les 32es rencontres internationales de harpe celtique viennent de souvrir \u00e0 Dinan. Pendant cinq jours, la cit\u00e9 m\u00e9di\u00e9vale vit au rythme des Jul 10, 2021 Du 13 au 18 juillet, Dinan C\u00f4tes-dArmor, ville dart et dhistoire, accueille les 37es Rencontres internationales de harpe celtique <img decoding=\"async\" src=\"https:\/\/bretagne.media.tourinsoft.eu\/upload\/CRTBretagne-tfinal-Maison-de-la-Harpe-2.jpg\" alt=\"dinan rencontres internationales de harpe celtique\" align=\"left\"> 38e \u00e9dition des Rencontres internationales de harpes celtiques: du 13 au 17 juillet 2022. Ouverture des inscriptions aux stages: f\u00e9vrier 2022 Nov 29, 2016 La programmation des prochaines Rencontres Internationales de Harpe \u00e0 Dinan en juillet 2017 est close. Des artistes de toute lEurope mais Les Rencontres internationales de harpes celtiques. La petite harpe dans tous ses \u00e9t\u00e9s. Lun des attributs de Dagda, dieu-druide de la mythologie celtique 13 juil. 2021-Dinan 22100-F\u00eate et manifestation \u00c9v\u00e8nement culturel-Une semaine pour d\u00e9couvrir la harpe sous tous ses angles, concerts en salles et <img decoding=\"async\" src=\"https:\/\/p7.storage.canalblog.com\/74\/94\/916382\/88634026_o.jpg\" alt=\"dinan rencontres internationales de harpe celtique\" align=\"left\">.<\/p>\n","protected":false},"excerpt":{"rendered":"<p>Sep 28, 2020 Peu dartistes ont r\u00e9ussi comme lui \u00e0 conjuguer aussi Rencontres internationales de harpes celtiques \u00e0 Dinan, du 10 au 14 juillet Dinan-L\u00e9hon. 37e \u00e9dition du 13 au 18 juillet Devenue capitale dune harpe celtique rebelle et conqu\u00e9rante, Dinan et ses remparts encha\u00eenent les Rencontres qui Comit\u00e9 des Rencontres Internationales de Harpes Celtiques [&hellip;]<\/p>\n","protected":false},"author":1,"featured_media":0,"comment_status":"closed","ping_status":"closed","sticky":false,"template":"","format":"standard","meta":{"footnotes":""},"categories":[],"tags":[],"class_list":["post-2747","post","type-post","status-publish","format-standard","hentry"],"_links":{"self":[{"href":"https:\/\/profeel.bzh\/wordpress\/wp-json\/wp\/v2\/posts\/2747","targetHints":{"allow":["GET"]}}],"collection":[{"href":"https:\/\/profeel.bzh\/wordpress\/wp-json\/wp\/v2\/posts"}],"about":[{"href":"https:\/\/profeel.bzh\/wordpress\/wp-json\/wp\/v2\/types\/post"}],"author":[{"embeddable":true,"href":"https:\/\/profeel.bzh\/wordpress\/wp-json\/wp\/v2\/users\/1"}],"replies":[{"embeddable":true,"href":"https:\/\/profeel.bzh\/wordpress\/wp-json\/wp\/v2\/comments?post=2747"}],"version-history":[{"count":0,"href":"https:\/\/profeel.bzh\/wordpress\/wp-json\/wp\/v2\/posts\/2747\/revisions"}],"wp:attachment":[{"href":"https:\/\/profeel.bzh\/wordpress\/wp-json\/wp\/v2\/media?parent=2747"}],"wp:term":[{"taxonomy":"category","embeddable":true,"href":"https:\/\/profeel.bzh\/wordpress\/wp-json\/wp\/v2\/categories?post=2747"},{"taxonomy":"post_tag","embeddable":true,"href":"https:\/\/profeel.bzh\/wordpress\/wp-json\/wp\/v2\/tags?post=2747"}],"curies":[{"name":"wp","href":"https:\/\/api.w.org\/{rel}","templated":true}]}}