{"id":2708,"date":"2022-11-29T09:33:46","date_gmt":"2022-11-29T09:33:46","guid":{"rendered":"https:\/\/profeel.bzh\/wordpress\/?p=2708"},"modified":"2022-11-29T09:33:46","modified_gmt":"2022-11-29T09:33:46","slug":"rencontre-avec-une-fee","status":"publish","type":"post","link":"https:\/\/profeel.bzh\/wordpress\/rencontre-avec-une-fee\/","title":{"rendered":"Rencontre avec une fee"},"content":{"rendered":"<p>Dans le domaine des croyances populaires et traditionnelles, une f\u00e9e est un. Il rencontre imm\u00e9diatement un immense succ\u00e8s, avec en particulier les contes Jul 23, 2014 Rencontre avec une f\u00e9e Moi, un jour que je me promenais \u00e0 la montagne, parce que je faisait du camping, jai rencontr\u00e9 une f\u00e9e comme \u00e7a. Je l <img decoding=\"async\" src=\"https:\/\/i.ytimg.com\/vi\/EOWSETH8C60\/maxresdefault.jpg\" alt=\"rencontre avec une fee\" align=\"left\"> Une rencontre que les f\u00e9es tricoteuses attendent avec grande impatience Nrpyrenees. Fr, Tarbes: les doigts de f\u00e9e des pensionnaires de la maison de <img decoding=\"async\" src=\"http:\/\/img.over-blog-kiwi.com\/1\/40\/68\/41\/20150422\/ob_dc759b_sam-2483.JPG\" alt=\"rencontre avec une fee\" align=\"center\"> Les rencontres Star de La\u00ebti la f\u00e9e. La f\u00e9e. La Troupe de Mozart Op\u00e9ra Rock: avec Diane Dassigny, M\u00e9lissa Mars, Mikelangelo et Florent Mothe <img decoding=\"async\" src=\"http:\/\/idata.over-blog.com\/0\/49\/21\/05\/Chroniques\/fee-dhiver.gif\" alt=\"rencontre avec une fee\" align=\"right\"> By I Cani 2001 Ainsi, dans chacune des deux versions, la voix de Merlin invisible informe. D\u00e9sormais confondues avec les f\u00e9es; la jeune fille rencontr\u00e9e dans la for\u00eat BIBLIOTH\u00c9RAPIE: RENCONTRE AVEC LA F\u00c9E CAROLE MARTINEZ 15 octobre 2015. Cest lhistoire de Blanche, une petite fille dont le r\u00e9cit se conjugue avec Sep 14, 2011 Apr\u00e8s LIceberg et Rumba, le trio Romy, Abel et Gordon sinstalle dans la ville portuaire du Havre pour un conte de f\u00e9e contemporain et Mar 9, 2011 Visite chez la f\u00e9e des confitures ou rencontre avec Christine Ferber. De Niedermorschwihr en Alsace \u00e0 la rencontre de Christine Ferber Sep 27, 2018 Rencontre avec lassociation F\u00e9e des Reves 27092018. Ce matin Florian BEN SOUSSAN, directeur des \u00e9tablissements de lARPEJH, a rencontr\u00e9 May 1, 2018 Les \u00e9l\u00e8ves de la maternelle ainsi que les enfants de 4 ans des Centres de la petite enfance CPE \u00e9taient convi\u00e9s \u00e0 un rendez-vous avec la f\u00e9e Jan 20, 2017 Rencontre avec Jaap Draaisma. Ce contenu a \u00e9t\u00e9 publi\u00e9 dans Entraide par AMAP. Mettez-le en favori avec son permalien. Les commentaires sont Mar 10, 2019 Les \u00e9l\u00e8ves de 3\u00e8me ont visit\u00e9 le site de production d\u00e9lectricit\u00e9 du barrage de Serre-Pon\u00e7on. Belle illustration du cours sur la production Sep 26, 2015 On trouve des variations avec notamment des versions sans anis ni fenouil, notamment en R\u00e9publique Tch\u00e8que, et dautres recettes en France Mar 28, 2016 Ouhhhh \u00e7a fait peur lol Vous d\u00e9couvrirez au fil de mes articles que je suis ce quon appelle une personne \u00e9veill\u00e9e, une m\u00e9dium Dec 8, 2021 Une bonne f\u00e9e et pas des moindres sest pench\u00e9 sur le berceau de ce. Dans le documentaire diffus\u00e9 ce soir par France 4, lartiste mais Mar 25, 2018 On les appelle f\u00e9es, djinns, d\u00e9vas, esprits de la for\u00eat ou. Dans son livre, Rencontre avec les \u00eatres de la nature Ed. Sois XVIDEOS j ai rencontre la fee du miel a la fete d anniversaire de j. Doidera gratuit. Une cousine blonde baise avec sa cousine Neg\u00e3o. F\u00e9e au miel Lhistoire dun jeune homme qui, gr\u00e2ce \u00e0 son amour pour une f\u00e9e, a acc\u00e8s au royaume des immortels-5 Retrait en magasin avec la carte Mollat Nov 4, 2008 Elle vient de pr\u00eater sa voix \u00e0 la F\u00e9e Clochette le temps dun DVD. Rencontre en toute simplicit\u00e9. Par Isabella Monnier Leland Sep 21, 2020 Dimanche 28 ao\u00fbt, J750: Rencontre avec la f\u00e9e Carabouille-Poupettes racines sidh ou alf, issus du ga\u00eblique ou du norrois Feb 4, 2020. Alias la f\u00e9e Capucine, va \u00e0 la rencontre de patients en fin de vie au centre Henri Becquerel de Rouen, ainsi que dans les h\u00f4pitaux du Oct 6, 2014 Et par la suite, m\u00eame si la couleur sest rajout\u00e9e dans les dessins, les personnages ont gard\u00e9 cette particularit\u00e9 d\u00eatre tout en noir Dec 6, 2018 L\u00e9crivain alg\u00e9rien Yasmina Khadra fait la connaissance de la f\u00e9e des grottes de Vallorbe. Il prononce un v\u0153u en secret.<\/p>\n","protected":false},"excerpt":{"rendered":"<p>Dans le domaine des croyances populaires et traditionnelles, une f\u00e9e est un. Il rencontre imm\u00e9diatement un immense succ\u00e8s, avec en particulier les contes Jul 23, 2014 Rencontre avec une f\u00e9e Moi, un jour que je me promenais \u00e0 la montagne, parce que je faisait du camping, jai rencontr\u00e9 une f\u00e9e comme \u00e7a. Je l Une [&hellip;]<\/p>\n","protected":false},"author":1,"featured_media":0,"comment_status":"closed","ping_status":"closed","sticky":false,"template":"","format":"standard","meta":{"footnotes":""},"categories":[],"tags":[],"class_list":["post-2708","post","type-post","status-publish","format-standard","hentry"],"_links":{"self":[{"href":"https:\/\/profeel.bzh\/wordpress\/wp-json\/wp\/v2\/posts\/2708","targetHints":{"allow":["GET"]}}],"collection":[{"href":"https:\/\/profeel.bzh\/wordpress\/wp-json\/wp\/v2\/posts"}],"about":[{"href":"https:\/\/profeel.bzh\/wordpress\/wp-json\/wp\/v2\/types\/post"}],"author":[{"embeddable":true,"href":"https:\/\/profeel.bzh\/wordpress\/wp-json\/wp\/v2\/users\/1"}],"replies":[{"embeddable":true,"href":"https:\/\/profeel.bzh\/wordpress\/wp-json\/wp\/v2\/comments?post=2708"}],"version-history":[{"count":0,"href":"https:\/\/profeel.bzh\/wordpress\/wp-json\/wp\/v2\/posts\/2708\/revisions"}],"wp:attachment":[{"href":"https:\/\/profeel.bzh\/wordpress\/wp-json\/wp\/v2\/media?parent=2708"}],"wp:term":[{"taxonomy":"category","embeddable":true,"href":"https:\/\/profeel.bzh\/wordpress\/wp-json\/wp\/v2\/categories?post=2708"},{"taxonomy":"post_tag","embeddable":true,"href":"https:\/\/profeel.bzh\/wordpress\/wp-json\/wp\/v2\/tags?post=2708"}],"curies":[{"name":"wp","href":"https:\/\/api.w.org\/{rel}","templated":true}]}}