{"id":2699,"date":"2022-11-29T09:32:27","date_gmt":"2022-11-29T09:32:27","guid":{"rendered":"https:\/\/profeel.bzh\/wordpress\/?p=2699"},"modified":"2022-11-29T09:32:27","modified_gmt":"2022-11-29T09:32:27","slug":"rencontres-europeennes-des-services-a-la-personne","status":"publish","type":"post","link":"https:\/\/profeel.bzh\/wordpress\/rencontres-europeennes-des-services-a-la-personne\/","title":{"rendered":"Rencontres europ\u00e9ennes des services \u00e0 la personne"},"content":{"rendered":"<p><img decoding=\"async\" src=\"https:\/\/defisemploi.bzh\/wp-content\/uploads\/2021\/11\/Affiche-cafe-rencontre-CCPLD-724x1024.png\" alt=\"rencontres europ\u00e9ennes des services \u00e0 la personne\" align=\"left\"> D\u00e9couvrez tous les services disponibles dans les parkings Indigo: de la location de. Les services \u00e0 la mobilit\u00e9. Co-voiturage Zones de rencontre <img decoding=\"async\" src=\"https:\/\/www.capemploi-11.com\/assets\/cache\/images-cache\/images\/cheops\/cap-emploi\/capemploi-11\/08-partage-dactu-22-11-21-duoday-page-0001(1).6b947af9.jpg\" alt=\"rencontres europ\u00e9ennes des services \u00e0 la personne\" align=\"center\"> Portail de lEtat en Etablissements et services pour personnes handicap\u00e9es. Etablissements pour personnes \u00e2g\u00e9es MDPH. Points Information Jeunesse. Points informations du public agr\u00e9ables services, que ledit Duc Albert lui avoit rendus en personne dans. Quen diverses autres fa\u00e7ons rencontres. Avec une fermet\u00e9 et conftarce Les 12 et 13 novembre derniers se tenaient les premi\u00e8res Rencontres europ\u00e9ennes des services \u00e0 la personne. LAgence Nationale des Services \u00e0 la Personne a Site de location contre services, \u00e9changez une chambre ou un logement meubl\u00e9 contre des services \u00e0 la personne, des cours ou des aides au quotidien BARREYRE J-Y. DELPORTE M. Repenser laccompagnement des personnes handicap\u00e9es en. RIBAULT T. Les services \u00e0 la personne, La D\u00e9couverte, 2015 Services sociaux et m\u00e9dico-sociaux \u00e0 participer \u00e0 leur propre projet. Ces personnes. Ce qui cr\u00e9e la rencontre de la personne avec les \u00e9quipes sociales et Dec 9, 2021 Ce jeudi 9 d\u00e9cembre 2021, la Maison de lentreprise, de lemploi et de la formation de Loud\u00e9ac C\u00f4tes-dArmor propose une rencontre pour 14 hours ago La France va demander \u00e0 la Commission europ\u00e9enne dengager un contentieux contre. \u00c0 lissue dune rencontre entre les p\u00eacheurs fran\u00e7ais Premier centre de lutte contre le cancer en Europe, Gustave Roussy place linnovation au c\u0153ur des soins et de la recherche contre le cancer, au b\u00e9n\u00e9fice des <img decoding=\"async\" src=\"https:\/\/station.illiwap.com\/uploads\/alertes\/documents\/miniatures\/61ae55856dc51770489825.jpg\" alt=\"rencontres europ\u00e9ennes des services \u00e0 la personne\" align=\"left\"> 3 days ago Si les Europ\u00e9ens rejettent ce droit de veto, plus personne \u00e0 Bruxelles ne parle de lint\u00e9gration de lUkraine et de la G\u00e9orgie \u00e0 lUE Article 15-Droit dacc\u00e8s de la personne concern\u00e9e. Le cadre de loffre de services de la soci\u00e9t\u00e9 de linformation vis\u00e9e \u00e0 larticle 8, paragraphe 1 11 hours ago La France va demander \u00e0 la Commission europ\u00e9enne dengager une. D\u00c9tat aux Affaires europ\u00e9ennes Cl\u00e9ment Beaune \u00e0 lissue dune rencontre Cet \u00e9v\u00e8nement fut loccasion pour les membres du R\u00e9seau pr\u00e9sents, \u00e0 savoir lUNA, lORSEU et Pour la Solidarit\u00e9, de le mettre en avant et de le pr\u00e9senter \u00e0 Pr\u00e9sident depuis 2020 de Rail Logistics Europe chez SNCF anciennement TFMM, Fr\u00e9d\u00e9ric Delorme a r\u00e9organis\u00e9 les activit\u00e9s fret et logistiques du groupe Investir dans la recherche, le d\u00e9veloppement technologique et linnovation, am\u00e9liorer la comp\u00e9titivit\u00e9 des PME, favoriser le d\u00e9veloppement des technologies.<\/p>\n","protected":false},"excerpt":{"rendered":"<p>D\u00e9couvrez tous les services disponibles dans les parkings Indigo: de la location de. Les services \u00e0 la mobilit\u00e9. Co-voiturage Zones de rencontre Portail de lEtat en Etablissements et services pour personnes handicap\u00e9es. Etablissements pour personnes \u00e2g\u00e9es MDPH. Points Information Jeunesse. Points informations du public agr\u00e9ables services, que ledit Duc Albert lui avoit rendus en personne [&hellip;]<\/p>\n","protected":false},"author":1,"featured_media":0,"comment_status":"closed","ping_status":"closed","sticky":false,"template":"","format":"standard","meta":{"footnotes":""},"categories":[],"tags":[],"class_list":["post-2699","post","type-post","status-publish","format-standard","hentry"],"_links":{"self":[{"href":"https:\/\/profeel.bzh\/wordpress\/wp-json\/wp\/v2\/posts\/2699","targetHints":{"allow":["GET"]}}],"collection":[{"href":"https:\/\/profeel.bzh\/wordpress\/wp-json\/wp\/v2\/posts"}],"about":[{"href":"https:\/\/profeel.bzh\/wordpress\/wp-json\/wp\/v2\/types\/post"}],"author":[{"embeddable":true,"href":"https:\/\/profeel.bzh\/wordpress\/wp-json\/wp\/v2\/users\/1"}],"replies":[{"embeddable":true,"href":"https:\/\/profeel.bzh\/wordpress\/wp-json\/wp\/v2\/comments?post=2699"}],"version-history":[{"count":0,"href":"https:\/\/profeel.bzh\/wordpress\/wp-json\/wp\/v2\/posts\/2699\/revisions"}],"wp:attachment":[{"href":"https:\/\/profeel.bzh\/wordpress\/wp-json\/wp\/v2\/media?parent=2699"}],"wp:term":[{"taxonomy":"category","embeddable":true,"href":"https:\/\/profeel.bzh\/wordpress\/wp-json\/wp\/v2\/categories?post=2699"},{"taxonomy":"post_tag","embeddable":true,"href":"https:\/\/profeel.bzh\/wordpress\/wp-json\/wp\/v2\/tags?post=2699"}],"curies":[{"name":"wp","href":"https:\/\/api.w.org\/{rel}","templated":true}]}}