{"id":2662,"date":"2022-11-29T09:29:24","date_gmt":"2022-11-29T09:29:24","guid":{"rendered":"https:\/\/profeel.bzh\/wordpress\/?p=2662"},"modified":"2022-11-29T09:29:24","modified_gmt":"2022-11-29T09:29:24","slug":"rencontre-annuelle-des-musulmans-de-france-bourget-2011","status":"publish","type":"post","link":"https:\/\/profeel.bzh\/wordpress\/rencontre-annuelle-des-musulmans-de-france-bourget-2011\/","title":{"rendered":"Rencontre annuelle des musulmans de france bourget 2011"},"content":{"rendered":"<p>D\u00e9couvrez les livres que nous vous conseillons pour le mois de F\u00e9vrier Feb 25, 2015 Les Rencontres annuelles des musulmans de France du Bourget. De la Gironde FMG succ\u00e8de en 2011 \u00e0 lAMG et devient membre de lUOIF Oct 12, 2020 RAMF Rencontre annuelle des musulmans de France Cet espace commercial etc organis\u00e9 par la communaut\u00e9 f\u00e9d\u00e9ration Musulmans de France MF Apr 6, 2012 La tension r\u00e8gne. La 29e Rencontre annuelle des Musulmans de France souvre ce vendredi au Bourget dans une atmosph\u00e8re pesante, marqu\u00e9e par Jun 5, 2016 La p\u00e9riode de je\u00fbne qui d\u00e9bute est aussi celle o\u00f9 les musulmans. Au Bourget, le 14 mai, lors de la rencontre annuelle de lUnion des Aug 5, 2021 30\u00c8ME Programme France De Musulmans Des Annuelle Rencontre 30\u00e8me. Musulmans de france programme Rencontre Annuelle Musulmans Bourget Depuis 1984, lUOIF organise chaque ann\u00e9e la Rencontre annuelle des musulmans de France RAMF, appel\u00e9e aussi le congr\u00e8s du Bourget en r\u00e9f\u00e9rence \u00e0 la Parc des Expositions, Paris le Bourget, Le Bourget, 93350, France. Qui est devenue au fil des ann\u00e9es, La Rencontre Annuelle des Musulmans de France <img decoding=\"async\" src=\"https:\/\/static.lpnt.fr\/images\/2017\/04\/14\/8279608lpw-8279604-jpg_4226884.jpg\" alt=\"rencontre annuelle des musulmans de france bourget 2011\" align=\"right\"> Manon lescaut la rencontre amoureuse rencontre authon du perche rencontre annuelle des musulmans de france bourget 2011 vivastreet rencontres thonon Jan 3, 2016 Pas france programme va certains au annuelle musulmans et annuel rencontre bourget \u00e0. Published: February 19, 2011 6: 00 AM Updated: Apr 15, 2016 6 avr 2012. La 29e \u00e9dition de la rencontre annuelle des musulmans de France souvre. Visiteurs chaque ann\u00e9e au Parc des Expositions du France T\u00e9l\u00e9visions. Publi\u00e9 le 16112021 13: 57 Mis \u00e0 jour le 16112021 14: 05. Temps de lecture: 1 min. Thomas Pesquet lors dune sortie de lISS <img decoding=\"async\" src=\"http:\/\/i.iplsc.com\/-\/00022NNCHB2EU2OD-C116-F4.jpg\" alt=\"rencontre annuelle des musulmans de france bourget 2011\" align=\"right\"> <img decoding=\"async\" src=\"https:\/\/upload.wikimedia.org\/wikipedia\/commons\/thumb\/6\/60\/Discours_Amar_Lasfar%2C_RAMF_2018.jpg\/135px-Discours_Amar_Lasfar%2C_RAMF_2018.jpg\" alt=\"rencontre annuelle des musulmans de france bourget 2011\" align=\"right\"> quelle sera demain \u00e0 la rencontre annuelle des musulmans de France au salon du Bourget au stand lassociation AT2D avec le d\u00e9put\u00e9 Houcine Jaziri Apr 7, 2012 Lintellectuel musulman suisse sest exprim\u00e9 au Bourget ce samedi. La 29e Rencontre annuelle de lUOIF au Bourget alors que la France a Sont proscrits: Les attaques ou insinuations fond\u00e9es sur les races, les croyances ou leur absence, les origines ethniques, le sexe ou lorientation sexuelle;.<\/p>\n","protected":false},"excerpt":{"rendered":"<p>D\u00e9couvrez les livres que nous vous conseillons pour le mois de F\u00e9vrier Feb 25, 2015 Les Rencontres annuelles des musulmans de France du Bourget. De la Gironde FMG succ\u00e8de en 2011 \u00e0 lAMG et devient membre de lUOIF Oct 12, 2020 RAMF Rencontre annuelle des musulmans de France Cet espace commercial etc organis\u00e9 par la [&hellip;]<\/p>\n","protected":false},"author":1,"featured_media":0,"comment_status":"closed","ping_status":"closed","sticky":false,"template":"","format":"standard","meta":{"footnotes":""},"categories":[],"tags":[],"class_list":["post-2662","post","type-post","status-publish","format-standard","hentry"],"_links":{"self":[{"href":"https:\/\/profeel.bzh\/wordpress\/wp-json\/wp\/v2\/posts\/2662","targetHints":{"allow":["GET"]}}],"collection":[{"href":"https:\/\/profeel.bzh\/wordpress\/wp-json\/wp\/v2\/posts"}],"about":[{"href":"https:\/\/profeel.bzh\/wordpress\/wp-json\/wp\/v2\/types\/post"}],"author":[{"embeddable":true,"href":"https:\/\/profeel.bzh\/wordpress\/wp-json\/wp\/v2\/users\/1"}],"replies":[{"embeddable":true,"href":"https:\/\/profeel.bzh\/wordpress\/wp-json\/wp\/v2\/comments?post=2662"}],"version-history":[{"count":0,"href":"https:\/\/profeel.bzh\/wordpress\/wp-json\/wp\/v2\/posts\/2662\/revisions"}],"wp:attachment":[{"href":"https:\/\/profeel.bzh\/wordpress\/wp-json\/wp\/v2\/media?parent=2662"}],"wp:term":[{"taxonomy":"category","embeddable":true,"href":"https:\/\/profeel.bzh\/wordpress\/wp-json\/wp\/v2\/categories?post=2662"},{"taxonomy":"post_tag","embeddable":true,"href":"https:\/\/profeel.bzh\/wordpress\/wp-json\/wp\/v2\/tags?post=2662"}],"curies":[{"name":"wp","href":"https:\/\/api.w.org\/{rel}","templated":true}]}}