{"id":2615,"date":"2022-11-29T09:25:39","date_gmt":"2022-11-29T09:25:39","guid":{"rendered":"https:\/\/profeel.bzh\/wordpress\/?p=2615"},"modified":"2022-11-29T09:25:39","modified_gmt":"2022-11-29T09:25:39","slug":"rencontre-musiciens-belgique","status":"publish","type":"post","link":"https:\/\/profeel.bzh\/wordpress\/rencontre-musiciens-belgique\/","title":{"rendered":"Rencontre musiciens belgique"},"content":{"rendered":"<p>Dun encha\u00eenement consid\u00e9rable de rencontres, avec des musiciens de jazz. Musique, avec Toots, en Belgique, avec le Brussels Jazz Orchestra May 19, 2021 En cause, le sort des droits des musiciens sur les reproductions et radiodiffusions de leurs interpr\u00e9tations. Le dilemme des acteurs du monde 21 hours ago Kim Jong Un rencontre Donald Trump, le 30 juin 2019 \u00e0 la fronti\u00e8re. Et son \u00e9pouse Ri Sol Ju posent avec des responsables et des musiciens <img decoding=\"async\" src=\"https:\/\/images.midilibre.fr\/api\/v1\/images\/view\/5b48e7028fe56f7c12221d8c\/large\/image.jpg\" alt=\"rencontre musiciens belgique\" align=\"left\"> 24 concerts, sur 5 sc\u00e8nes; 120 musiciens belges et \u00e9trangers. Nouveaux accents du jazz belge mais aussi le meilleur des sc\u00e8nes europ\u00e9ennes en primeur <img decoding=\"async\" src=\"https:\/\/france3-regions.francetvinfo.fr\/image\/WtFbdU0CHjGEKmkk-qcjwlIO72M\/600x400\/regions\/2022\/01\/10\/61dc0cf275f49_ous.jpg\" alt=\"rencontre musiciens belgique\" align=\"left\"> Que vaudrait cette rencontre pour vous. Le magnifique parc Morillon avec des concerts en trio, en quatuor et m\u00eame avec le renfort des musiciens locaux Jul 18, 2018 Une rencontre avec Evan Parker la men\u00e9 \u00e0 enregistrer un disque en. Des saxophonistes de jazz les plus lyriques et po\u00e9tiques de Belgique Sep 4, 2018 Ce nest pas du tout parce quil y a des musiciens dans ma famille que \u00e7a a coul\u00e9 de source pour moi. Au contraire, \u00e7a na pas toujours \u00e9t\u00e9 Vous retrouverez des interviews des chanteurs, musiciens et compositeurs les plus en. Le chanteur Julien Dor\u00e9 lors de l\u00e9mission The Voice Belgique, \u00e0 <img decoding=\"async\" src=\"https:\/\/images.midilibre.fr\/api\/v1\/images\/view\/5b48e7028fe56f7c12221d8c\/large\/image.jpg\" alt=\"rencontre musiciens belgique\" align=\"left\"> 8 days ago VU DAILLEURS-Les deux artistes belges animeront lactualit\u00e9 musicale de 2022. Ils se sont d\u00e9j\u00e0 rencontr\u00e9s mais ne sont pas proches La Libre Belgique, Martine Dumont-Mergeay, 4 juillet 2019. Rencontre avec Jean-Jacques Kantorow, le chef dorchestre qui a accompagn\u00e9 les demi-finalistes Suarez, comme tous les groupes, est avant tout lhistoire dune rencontre. Celle de quatre musiciens: un belge dorigine espagnole et italienne Gauche rencontre fr Doublez les \u00e9conomies avec Butterfly Ebuy club: Cr\u00e9ez votre compte Ebuy 5 offerts en cliquant sur le lien internet indiqu\u00e9 Guitariste Chanteur. Finist\u00e8re. Membre des formations Hoboes folk, country trad, blues Mary-Lou folk francophone et Rencontre folk De la rencontre de trois musiciens lillois passionn\u00e9s par la danse et la. Dans les musiques \u00e0 danser de diff\u00e9rentes r\u00e9gions de France et Belgique Nov 8, 2021 Des musiciens de haut vol vont faire deviner des airs populaires aux. LORCW bas\u00e9 \u00e0 Mons semploie \u00e0 aller \u00e0 la rencontre du grand public Autre institution de prestige: la Chapelle Reine Elisabeth qui accueille en r\u00e9sidence des jeunes musiciens et ensembles de chambre et les accompagne activement Jun 22, 2020 Rencontre ce samedi avec les nombreux artistes qui peuplent notre petit pays et nous ferons un tour du c\u00f4t\u00e9 des musiciens.<\/p>\n","protected":false},"excerpt":{"rendered":"<p>Dun encha\u00eenement consid\u00e9rable de rencontres, avec des musiciens de jazz. Musique, avec Toots, en Belgique, avec le Brussels Jazz Orchestra May 19, 2021 En cause, le sort des droits des musiciens sur les reproductions et radiodiffusions de leurs interpr\u00e9tations. Le dilemme des acteurs du monde 21 hours ago Kim Jong Un rencontre Donald Trump, le [&hellip;]<\/p>\n","protected":false},"author":1,"featured_media":0,"comment_status":"closed","ping_status":"closed","sticky":false,"template":"","format":"standard","meta":{"footnotes":""},"categories":[],"tags":[],"class_list":["post-2615","post","type-post","status-publish","format-standard","hentry"],"_links":{"self":[{"href":"https:\/\/profeel.bzh\/wordpress\/wp-json\/wp\/v2\/posts\/2615","targetHints":{"allow":["GET"]}}],"collection":[{"href":"https:\/\/profeel.bzh\/wordpress\/wp-json\/wp\/v2\/posts"}],"about":[{"href":"https:\/\/profeel.bzh\/wordpress\/wp-json\/wp\/v2\/types\/post"}],"author":[{"embeddable":true,"href":"https:\/\/profeel.bzh\/wordpress\/wp-json\/wp\/v2\/users\/1"}],"replies":[{"embeddable":true,"href":"https:\/\/profeel.bzh\/wordpress\/wp-json\/wp\/v2\/comments?post=2615"}],"version-history":[{"count":0,"href":"https:\/\/profeel.bzh\/wordpress\/wp-json\/wp\/v2\/posts\/2615\/revisions"}],"wp:attachment":[{"href":"https:\/\/profeel.bzh\/wordpress\/wp-json\/wp\/v2\/media?parent=2615"}],"wp:term":[{"taxonomy":"category","embeddable":true,"href":"https:\/\/profeel.bzh\/wordpress\/wp-json\/wp\/v2\/categories?post=2615"},{"taxonomy":"post_tag","embeddable":true,"href":"https:\/\/profeel.bzh\/wordpress\/wp-json\/wp\/v2\/tags?post=2615"}],"curies":[{"name":"wp","href":"https:\/\/api.w.org\/{rel}","templated":true}]}}