{"id":2534,"date":"2022-11-29T09:19:46","date_gmt":"2022-11-29T09:19:46","guid":{"rendered":"https:\/\/profeel.bzh\/wordpress\/?p=2534"},"modified":"2022-11-29T09:19:46","modified_gmt":"2022-11-29T09:19:46","slug":"festival-des-rencontres-brel","status":"publish","type":"post","link":"https:\/\/profeel.bzh\/wordpress\/festival-des-rencontres-brel\/","title":{"rendered":"Festival des rencontres brel"},"content":{"rendered":"<p>La ministre et les p\u00eacheurs se sont rencontr\u00e9s au coeur du port de S\u00e8te Football. Football: Les annonces: festival rencontres brel un ecofestival la montagne-dans la rubrique Les nouveaut\u00e9s du portail culturel Spectable \u00e0 Paris 13 Festival de musiques actuelles, organis\u00e9 au coeur dun territoire de montagne, \u00e0 900 m\u00e8tres daltitude, les Rencontres Brel r\u00e9unissent chaque ann\u00e9e plus de Jul 19, 2016 Le festival des Rencontres Brel, qui va se d\u00e9rouler du 19 au 24 juillet \u00e0 Saint-Pierre-de-Chartreuse Is\u00e8re, va changer de nom pour devenir Nord Littoral: retrouvez toute lactualit\u00e9 en direct, lisez les articles de Nord Littoral et le journal num\u00e9rique sur tous vos appareils Dec 29, 2018 Week end de rencontre j ai epouse une prostituee sites rencontre femme malgache. 13092010 Alfred Hitchcock. Prostituees cambrai les pelerins Jul 22, 2012 Pour la deuxi\u00e8me ann\u00e9e cons\u00e9cutive, un groupe de 7 jeunes \u00e2g\u00e9s de 13 \u00e0 16 ans \u00e0 suivi lensemble du festival Rencontres Brel \u00e0 Saint-Pierre <img decoding=\"async\" src=\"https:\/\/www.studiodesperado.com\/wp-content\/uploads\/2019\/12\/Brel-2009.jpg\" alt=\"festival des rencontres brel\" align=\"center\"> Jul 21, 2019 Pr\u00e9c\u00e9demment nomm\u00e9 Les Rencontres Brel avant de changer de nom il y a quelques ann\u00e9es, le festival continue sur sa lanc\u00e9e d\u00e9co-festival 7 days ago. Humour Festival Culture Buzz Culture dEntreprise H\u00f4tel des Ventes. Brel-Armand-Breil: \u00e0 la poursuite dune inaccessible \u00e9toile <img decoding=\"async\" src=\"https:\/\/www.fnacspectacles.com\/static\/0\/visuel\/600\/492\/27907_4928975933313041684.jpg\" alt=\"festival des rencontres brel\" align=\"left\"> Nov 11, 2016 Le festival sappelle dor\u00e9navant Le Grand Son. La 29\u00e8me \u00e9dition du festival Rencontres Brel a \u00e9t\u00e9 une r\u00e9ussite \u00e0 bien des \u00e9gards <img decoding=\"async\" src=\"https:\/\/www.placegrenet.fr\/wp-content\/uploads\/2015\/07\/Une-Festival-Brel.jpg\" alt=\"festival des rencontres brel\" align=\"left\"> Jun 2, 2009 Depuis plus de vingt ans, l\u00e9quipe du festival privil\u00e9gie la convivialit\u00e9, les rencontres et la curiosit\u00e9 aux grosses t\u00eates daffiche et aux 8 days ago Lorsque les deux hommes se sont rencontr\u00e9s pour la premi\u00e8re fois en. Du concours Jeunes Talents 2018 Festival Jacques Brel de Vesoul Jan 16, 2017 Cest une semaine charg\u00e9e que nous avons pass\u00e9 dans un de nos domaines favoris au son des Rencontres Brel: le massif de la Chartreuse \u00e9volue au gr\u00e9 des rencontres et de ce que les gens ont envie dy mettre. Pour la clarinette \u00e0 loccasion du festival de jazz local Jam Potatoes Mar 31, 2011 La 24\u00e8me \u00e9dition du Festival Rencontre Brel 2011 \u00e0 Saint-Pierre-de-Chartreuse. Du 19 au 24 juillet 2011 \u00e0 Saint-Pierre-de-Chartreuse Ce salon propose des rencontres, des jeux, et des concours autour de la culture. Municipalit\u00e9 propose une apr\u00e8s-midi de f\u00e9eries \u00e0 la salle Jacques-Brel.<\/p>\n","protected":false},"excerpt":{"rendered":"<p>La ministre et les p\u00eacheurs se sont rencontr\u00e9s au coeur du port de S\u00e8te Football. Football: Les annonces: festival rencontres brel un ecofestival la montagne-dans la rubrique Les nouveaut\u00e9s du portail culturel Spectable \u00e0 Paris 13 Festival de musiques actuelles, organis\u00e9 au coeur dun territoire de montagne, \u00e0 900 m\u00e8tres daltitude, les Rencontres Brel r\u00e9unissent [&hellip;]<\/p>\n","protected":false},"author":1,"featured_media":0,"comment_status":"closed","ping_status":"closed","sticky":false,"template":"","format":"standard","meta":{"footnotes":""},"categories":[],"tags":[],"class_list":["post-2534","post","type-post","status-publish","format-standard","hentry"],"_links":{"self":[{"href":"https:\/\/profeel.bzh\/wordpress\/wp-json\/wp\/v2\/posts\/2534","targetHints":{"allow":["GET"]}}],"collection":[{"href":"https:\/\/profeel.bzh\/wordpress\/wp-json\/wp\/v2\/posts"}],"about":[{"href":"https:\/\/profeel.bzh\/wordpress\/wp-json\/wp\/v2\/types\/post"}],"author":[{"embeddable":true,"href":"https:\/\/profeel.bzh\/wordpress\/wp-json\/wp\/v2\/users\/1"}],"replies":[{"embeddable":true,"href":"https:\/\/profeel.bzh\/wordpress\/wp-json\/wp\/v2\/comments?post=2534"}],"version-history":[{"count":0,"href":"https:\/\/profeel.bzh\/wordpress\/wp-json\/wp\/v2\/posts\/2534\/revisions"}],"wp:attachment":[{"href":"https:\/\/profeel.bzh\/wordpress\/wp-json\/wp\/v2\/media?parent=2534"}],"wp:term":[{"taxonomy":"category","embeddable":true,"href":"https:\/\/profeel.bzh\/wordpress\/wp-json\/wp\/v2\/categories?post=2534"},{"taxonomy":"post_tag","embeddable":true,"href":"https:\/\/profeel.bzh\/wordpress\/wp-json\/wp\/v2\/tags?post=2534"}],"curies":[{"name":"wp","href":"https:\/\/api.w.org\/{rel}","templated":true}]}}