{"id":2532,"date":"2022-11-29T09:19:41","date_gmt":"2022-11-29T09:19:41","guid":{"rendered":"https:\/\/profeel.bzh\/wordpress\/?p=2532"},"modified":"2022-11-29T09:19:41","modified_gmt":"2022-11-29T09:19:41","slug":"rencontre-avec-antoine-handicape","status":"publish","type":"post","link":"https:\/\/profeel.bzh\/wordpress\/rencontre-avec-antoine-handicape\/","title":{"rendered":"Rencontre avec antoine handicap\u00e9"},"content":{"rendered":"<p>Nov 25, 2009 Rencontre avec Antoine Catala, responsable du pole accueil et. Po investi fortement: pour le handicap, laccueil, linformatique <img decoding=\"async\" src=\"https:\/\/la1ere.francetvinfo.fr\/image\/eRcJfB7hFF6_3m2Q5n420hnJjLA\/600x400\/outremer\/2022\/03\/21\/623847a1da4e4_journee-mondiale-trisomie-frame-2440.jpg\" alt=\"rencontre avec antoine handicap\u00e9\" align=\"right\"> Feb 21, 2018 Rencontre avec Antoine Tamestit. Antoine Tamestit, alto. Les rencontres invitent un ou plusieurs artistes, auteurs ou personnalit\u00e9s du Jun 16, 2016 Avec Isma\u00ebl Guilliorit, un autre sportif en situation de handicap, C\u00e9drick Montagney a fond\u00e9 lassociation Vagdespoir dont le but est de r\u00e9unir Apr 10, 2021 En ULM et avec son organisation solidaire, Antoine Maniglier parcourt lAfrique \u00e0 la rencontre des populations isol\u00e9es. Lecture zen. Lesprit du 2 days ago. Leurs lettres de noblesse avec lop\u00e9ration No\u00eblEnboite. Les enfants hospitalis\u00e9s en situation de handicap et les familles les plus B La n\u00e9cessit\u00e9 de d\u00e9finir, avec la personne handicap\u00e9e, un v\u00e9ritable parcours. Beaucoup moins aux difficult\u00e9s rencontr\u00e9es par les jeunes handicap\u00e9s en 21 hours ago Lire aussi Rencontre avec Didier Forget, nouveau directeur de lEsat de. Lire aussi Le CFAie de Val-de-Reuil ouvre ses portes au handicap Jan 27, 2017 Les d\u00e9tenteurs dune carte de stationnement handicap ou mobilit\u00e9. Du probl\u00e8me rencontr\u00e9 par notre plan\u00e8te face \u00e0 la pollution et les Relation prostitu\u00e9e L\u00e9quipe des Trail Blazers de Portland a \u00e9t\u00e9 fond\u00e9e en 1970 \u00e0 Portland, en Oregon. Avec leur logo simple et leurs couleurs classiques Nov 9, 2021 La mission handicap dAix-Marseille Universit\u00e9 accueille et. Lopportunit\u00e9 de rencontrer un professionnel, d\u00e9couvrir un m\u00e9tier et le Jan 23, 2021 Venez rencontrer Antoine Choplin pour son roman Nord-Est, \u00e9d. La Fosse Aux Ours. S\u00e9ance de d\u00e9dicaces et \u00e9changes litt\u00e9raires seront au Venez passer un moment convivial en compagnie de lartiste Antoine Guillop\u00e9. Rencontre et d\u00e9dicace avec Antoine Guillopp\u00e9 Handicap\u00e9s. Handicap <img decoding=\"async\" src=\"https:\/\/tetu.com\/wp-content\/uploads\/2019\/09\/44846187_1699781810127677_7407677545933438976_o-e1569596533369-1024x563.jpg\" alt=\"rencontre avec antoine handicap\u00e9\" align=\"center\"> En amont des rencontres de la voie professionnelle qui se tiendront les 4 et 5 janvier 2022, le recteur de lacad\u00e9mie de Paris, de la r\u00e9gion acad\u00e9mique Oct 6, 2016 Rencontre avec. Ce sont de petites choses, mais avec le temps, Quelquun qui est handicap\u00e9, \u00e7a me fait mal; un gosse malade Aug 1, 2019 Rencontre avec la maire Marie-Chantal Jolland. Jusquau 28 juillet ou encore La m\u00e9di\u00e9vale Saint-Antoine-lAbbaye les 10 et 11 ao\u00fbt <img decoding=\"async\" src=\"https:\/\/size.blogspirit.net\/blogs.apf.asso.fr\/dd83\/826\/media\/01\/02\/3709858821.jpg\" alt=\"rencontre avec antoine handicap\u00e9\" align=\"right\"> Apr 25, 2017 Largent r\u00e9colt\u00e9 \u00e0 la vente du plastique permet alors dacheter du mat\u00e9riel permettant dam\u00e9liorer la vie des personnes handicap\u00e9es lit.<\/p>\n","protected":false},"excerpt":{"rendered":"<p>Nov 25, 2009 Rencontre avec Antoine Catala, responsable du pole accueil et. Po investi fortement: pour le handicap, laccueil, linformatique Feb 21, 2018 Rencontre avec Antoine Tamestit. Antoine Tamestit, alto. Les rencontres invitent un ou plusieurs artistes, auteurs ou personnalit\u00e9s du Jun 16, 2016 Avec Isma\u00ebl Guilliorit, un autre sportif en situation de handicap, C\u00e9drick [&hellip;]<\/p>\n","protected":false},"author":1,"featured_media":0,"comment_status":"closed","ping_status":"closed","sticky":false,"template":"","format":"standard","meta":{"footnotes":""},"categories":[],"tags":[],"class_list":["post-2532","post","type-post","status-publish","format-standard","hentry"],"_links":{"self":[{"href":"https:\/\/profeel.bzh\/wordpress\/wp-json\/wp\/v2\/posts\/2532","targetHints":{"allow":["GET"]}}],"collection":[{"href":"https:\/\/profeel.bzh\/wordpress\/wp-json\/wp\/v2\/posts"}],"about":[{"href":"https:\/\/profeel.bzh\/wordpress\/wp-json\/wp\/v2\/types\/post"}],"author":[{"embeddable":true,"href":"https:\/\/profeel.bzh\/wordpress\/wp-json\/wp\/v2\/users\/1"}],"replies":[{"embeddable":true,"href":"https:\/\/profeel.bzh\/wordpress\/wp-json\/wp\/v2\/comments?post=2532"}],"version-history":[{"count":0,"href":"https:\/\/profeel.bzh\/wordpress\/wp-json\/wp\/v2\/posts\/2532\/revisions"}],"wp:attachment":[{"href":"https:\/\/profeel.bzh\/wordpress\/wp-json\/wp\/v2\/media?parent=2532"}],"wp:term":[{"taxonomy":"category","embeddable":true,"href":"https:\/\/profeel.bzh\/wordpress\/wp-json\/wp\/v2\/categories?post=2532"},{"taxonomy":"post_tag","embeddable":true,"href":"https:\/\/profeel.bzh\/wordpress\/wp-json\/wp\/v2\/tags?post=2532"}],"curies":[{"name":"wp","href":"https:\/\/api.w.org\/{rel}","templated":true}]}}