{"id":2517,"date":"2022-11-29T09:18:41","date_gmt":"2022-11-29T09:18:41","guid":{"rendered":"https:\/\/profeel.bzh\/wordpress\/?p=2517"},"modified":"2022-11-29T09:18:41","modified_gmt":"2022-11-29T09:18:41","slug":"rencontre-rdc","status":"publish","type":"post","link":"https:\/\/profeel.bzh\/wordpress\/rencontre-rdc\/","title":{"rendered":"Rencontre rdc"},"content":{"rendered":"<p>Au Sud, laction de RdC consiste principalement en un appui \u00e0 des structures locales travaillant \u00e0 l\u00e9mancipation socio\u00e9conomique et culturelle des communaut\u00e9s 14 hours ago Les guerres de 1996-1997 et 1998-2003, la RDC fr\u00f4le l\u00e9clatement. Transgene ira \u00e0 la rencontre des investisseurs institutionnels RDC: Kouchner rencontre Thambwe Mwamba. 13 f\u00e9vrier 2010. 1 Min de lecture. Le 15 f\u00e9vrier, le Ministre des affaires \u00e9trang\u00e8res fran\u00e7ais, Bernard Kouchner Jul 5, 2021 Lancien pr\u00e9sident ivoirien Laurent Gbagbo aurait eu une rencontre avec le pr\u00e9sident F\u00e9lix Tshisekedi lors du d\u00e9placement quil a effectu\u00e9 \u00e0 Depuis 10 ans lUnicef soutient des programmes visant \u00e0 prendre en charge les victimes des violences 1 day ago Rencontre F\u00e9lix Tshisekedi et les femmes dexception: Le Chef de l\u00e9tat les rassure de sa d\u00e9termination \u00e0 promouvoir l\u00e9galit\u00e9 du genre en RDC Nov 25, 2012 Le chef politique des rebelles congolais du M23 a d\u00e9clar\u00e9 samedi avoir rencontr\u00e9 \u00e0 Kampala le pr\u00e9sident de la R\u00e9publique d\u00e9mocratique du Nov 27, 2020 Fin octobre, lancien homme fort de RDC a r\u00e9uni ses fid\u00e8les dans sa ferme. Certains pr\u00e9conisent une rencontre entre F\u00e9lix Tshisekedi et <img decoding=\"async\" src=\"https:\/\/www.leopardsfoot.com\/wp-content\/uploads\/2014\/09\/rdc-cmr.jpg\" alt=\"rencontre rdc\" align=\"center\"> Apr 19, 2019 Le Ministre assistant des Affaires \u00e9trang\u00e8res Chen Xiaodong rencontre lAmbassadeur de la RDC en instance de d\u00e9part d\u00e9finitif 10 hours ago RDC: Cest fait la rumba vient d\u00eatre inscrite par lUNESCO_fr sur la. Cest une musique des villes et des bars, de rencontre des 18 hours ago En mars prochain, la RDC va disputer une double confrontation d\u00e9cisive pour. Il y a quelques mois lors dune rencontre avec Roger Hito Sep 19, 2021 RDC: No\u00ebl Tshiani-L\u00e9onbitch Kengo rencontre de deux Fachos, un tribalo et un s\u00e9nile. Freddy Mulongo Mukena, R\u00e9veil FM International <img decoding=\"async\" src=\"https:\/\/www.leopardsfoot.com\/wp-content\/uploads\/2014\/09\/rdc-cmr.jpg\" alt=\"rencontre rdc\" align=\"right\"> 3 days ago. De Mongolie, du Congo RDC, de Pologne, de Russie et de Chine a rencontr\u00e9 des artistes tib\u00e9tains, \u00e0 Lhassa, dans la r\u00e9gion autonome du Nov 15, 2021 Le penalty accord\u00e9 \u00e0 la R\u00e9publique D\u00e9mocratique du Congo face au B\u00e9nin 2-0 durant cette rencontre d\u00e9cisive des \u00e9liminatoires de la Coupe du \u00c9liminatoires Qatar 2022: Voici les officiels de la rencontre RDC-Madagascar pr\u00e9vue le 7 octobre \u00e0 Kinshasa. Octobre 4, 2021. Dans Sports May 29, 2019 La RDC est lune des nations ayant une bonne pr\u00e9sence \u00e0 la Coupe dAfrique des Nations. Deux fois champions dAfrique, les L\u00e9opards font Mar 9, 2021 RDC: Rencontre avec le docteur Denis Mukwege, Prix Nobel de la Paix. En octobre 2020, Agir ensemble a eu limmense chance d\u00eatre re\u00e7ue par 4 days ago. Les fans du Real Madrid. Rencontre importante entre Laporta et Mino Raiola MATINALE-Un saut en RDC. Depuis samedi, les Corbeaux Oct 7, 2021 Qualif Coupe du Monde-CAF-Suivez en live la rencontre de Football opposant RD Congo et Madagascar. Ce match se d\u00e9roule le 7 octobre 2021 Nov 1, 2021 Les deux Congo souhaitent faire entrer la rumba congolaise au patrimoine immat\u00e9riel de lhumanit\u00e9. Notre correspondant a visit\u00e9 lEspace <img decoding=\"async\" src=\"https:\/\/congoprofond.net\/wp-content\/uploads\/2019\/07\/IMG-20190703-WA0009.jpg\" alt=\"rencontre rdc\" align=\"right\"> Afrique du Sud RDC: le pr\u00e9sident Ramaphosa rencontre son homologue Tshisekedi. Pretoria-Le pr\u00e9sident sud-africain, Cyril Ramaphosa, se r\u00e9unit ce samedi, \u00e0 Au milieu du XIII si\u00e8cle, on les rencontre surtout dans le nord-est de lIle-de-France R. D C. D C. V 7595. 7600. Nov 16, 2008 La rencontre entre lenvoy\u00e9 sp\u00e9cial des Nations unies pour la crise dans lest de la R\u00e9publique d\u00e9mocratique du Congo RDC.<\/p>\n","protected":false},"excerpt":{"rendered":"<p>Au Sud, laction de RdC consiste principalement en un appui \u00e0 des structures locales travaillant \u00e0 l\u00e9mancipation socio\u00e9conomique et culturelle des communaut\u00e9s 14 hours ago Les guerres de 1996-1997 et 1998-2003, la RDC fr\u00f4le l\u00e9clatement. Transgene ira \u00e0 la rencontre des investisseurs institutionnels RDC: Kouchner rencontre Thambwe Mwamba. 13 f\u00e9vrier 2010. 1 Min de lecture. [&hellip;]<\/p>\n","protected":false},"author":1,"featured_media":0,"comment_status":"closed","ping_status":"closed","sticky":false,"template":"","format":"standard","meta":{"footnotes":""},"categories":[],"tags":[],"class_list":["post-2517","post","type-post","status-publish","format-standard","hentry"],"_links":{"self":[{"href":"https:\/\/profeel.bzh\/wordpress\/wp-json\/wp\/v2\/posts\/2517","targetHints":{"allow":["GET"]}}],"collection":[{"href":"https:\/\/profeel.bzh\/wordpress\/wp-json\/wp\/v2\/posts"}],"about":[{"href":"https:\/\/profeel.bzh\/wordpress\/wp-json\/wp\/v2\/types\/post"}],"author":[{"embeddable":true,"href":"https:\/\/profeel.bzh\/wordpress\/wp-json\/wp\/v2\/users\/1"}],"replies":[{"embeddable":true,"href":"https:\/\/profeel.bzh\/wordpress\/wp-json\/wp\/v2\/comments?post=2517"}],"version-history":[{"count":0,"href":"https:\/\/profeel.bzh\/wordpress\/wp-json\/wp\/v2\/posts\/2517\/revisions"}],"wp:attachment":[{"href":"https:\/\/profeel.bzh\/wordpress\/wp-json\/wp\/v2\/media?parent=2517"}],"wp:term":[{"taxonomy":"category","embeddable":true,"href":"https:\/\/profeel.bzh\/wordpress\/wp-json\/wp\/v2\/categories?post=2517"},{"taxonomy":"post_tag","embeddable":true,"href":"https:\/\/profeel.bzh\/wordpress\/wp-json\/wp\/v2\/tags?post=2517"}],"curies":[{"name":"wp","href":"https:\/\/api.w.org\/{rel}","templated":true}]}}