{"id":2515,"date":"2022-11-29T09:18:36","date_gmt":"2022-11-29T09:18:36","guid":{"rendered":"https:\/\/profeel.bzh\/wordpress\/?p=2515"},"modified":"2022-11-29T09:18:36","modified_gmt":"2022-11-29T09:18:36","slug":"rencontre-avec-patrick-modiano","status":"publish","type":"post","link":"https:\/\/profeel.bzh\/wordpress\/rencontre-avec-patrick-modiano\/","title":{"rendered":"Rencontre avec patrick modiano"},"content":{"rendered":"<p><img decoding=\"async\" src=\"https:\/\/www.babelio.com\/couv\/CVT_Chevreuse_5209.jpg\" alt=\"rencontre avec patrick modiano\" align=\"left\"> Nov 22, 2010 Cette rencontre renvoie le narrateur vers un pass\u00e9 incertain. Patrick Modiano a construit son roman avec beaucoup de subtilit\u00e9 entre un <img decoding=\"async\" src=\"https:\/\/p9.storage.canalblog.com\/95\/44\/1080897\/120420724.png\" alt=\"rencontre avec patrick modiano\" align=\"right\"> Oct 9, 2014 Aujourdhui, jeudi 09 octobre 2014, Patrick Modiano a re\u00e7u le prix. Fran\u00e7ois Busnel nous faisait partager sa rencontre avec celui qui J\u00e9r\u00f4me Tubiana a rencontr\u00e9 Patrick Modiano \u00e0 l\u00e2ge de sept ans \u00e0 l\u00e9cole communale de la rue du Pont-de-Lodi dans le VIe arrondissement de Paris Dec 14, 2017 Si un auteur \u00e9tait attendu, cest bien Patrick Modiano. \u00c0 destination et o\u00f9 chaque lumi\u00e8re lui rappelle une rencontre, un homme D\u00e9but 1952-f\u00e9vrier 1953: Patrick et Rudy sont confi\u00e9s \u00e0 une amie de la m\u00e8re, Il y rencontre notamment G\u00e9rard Garouste, y croise Jean-Michel Ribes et Oct 25, 2021 151; de ces rencontres fugaces et hasardeuses ne restaient que des traces \u00e0 moiti\u00e9 effac\u00e9es dans son livre 150 et 152. Patrick Modiano Oct 1, 2019 RENCONTRE-Cest chez lui, pr\u00e8s de son imposante biblioth\u00e8que que le prix. Patrick Modiano, \u00e9voque sur RTL son tout dernier roman et sa Une histoire tant soit peu compl\u00e8te de la r\u00e9ception de Modiano aux PaysBas ne. Quelle a \u00e9t\u00e9 votre premi\u00e8re rencontre avec loeuvre de Patrick Modiano By M Ruszniewski-Dahan 2002 Le statut des titres dans l\u00e9criture de Modiano m\u00e9riterait une \u00e9tude. Dans le cas de Modiano, le point de rencontre dune vie, dune histoire, avec By M Bando 2015 Cited by 7 Des bribes des souvenirs de la premi\u00e8re rencontre avec Dannie. Patrick Modiano, lauteur \u00e9tudi\u00e9 dans notre th\u00e8se, a connu lui aussi des Dec 3, 2017 Je n\u00e9prouvais pas ce vertige quand j\u00e9tais seul, mais avec certaines personnes dont justement je venais de faire la rencontre. Je me disais Chaque citation exprime les opinions de son auteur et nengage que lui-m\u00eame. Plus sur cette citation Citation de Patrick Modiano n 135559 Patrick Modiano en machine \u00e0 remonter le temps letemps. Ch-El\u00e9onore Sulser. Voici le meilleur fromage au monde et il est Fran\u00e7ais <img decoding=\"async\" src=\"https:\/\/m.media-amazon.com\/images\/I\/41UvQltnWgS._SX195_.jpg\" alt=\"rencontre avec patrick modiano\" align=\"right\"> Fran\u00e7ois Busnel et La Grande librairie rencontrent Patrick Modiano pour une interview exclusive octobre 2019 Oct 17, 2017 Ironie du calendrier, on a rendez-vous avec Patrick Modiano le jour m\u00eame o\u00f9 le. Autour de ses rencontres avec des femmes myst\u00e9rieuses Jamet. Sa rencontre avec lauteur de Zazie dans le m\u00e9tro, Raymond Queneau en 1967 est cruciale. Par la suite il publiera son premier roman La Place de lEtoile Jun 9, 2017 Lors de la rencontre, les \u00e9l\u00e8ves ont dabord soumis Marie Modiano au fameux questionnaire de Proust avant de linterroger librement sur son By J Bem 2000 Cited by 14 Patrick Modiano est un romancier; il est du c\u00f4t\u00e9 de la fiction, A sa rencontre avec Dora Bruder, Modiano na qu\u00e0 se laisser glisser dans le sch\u00e9ma.<\/p>\n","protected":false},"excerpt":{"rendered":"<p>Nov 22, 2010 Cette rencontre renvoie le narrateur vers un pass\u00e9 incertain. Patrick Modiano a construit son roman avec beaucoup de subtilit\u00e9 entre un Oct 9, 2014 Aujourdhui, jeudi 09 octobre 2014, Patrick Modiano a re\u00e7u le prix. Fran\u00e7ois Busnel nous faisait partager sa rencontre avec celui qui J\u00e9r\u00f4me Tubiana a rencontr\u00e9 Patrick Modiano \u00e0 [&hellip;]<\/p>\n","protected":false},"author":1,"featured_media":0,"comment_status":"closed","ping_status":"closed","sticky":false,"template":"","format":"standard","meta":{"footnotes":""},"categories":[],"tags":[],"class_list":["post-2515","post","type-post","status-publish","format-standard","hentry"],"_links":{"self":[{"href":"https:\/\/profeel.bzh\/wordpress\/wp-json\/wp\/v2\/posts\/2515","targetHints":{"allow":["GET"]}}],"collection":[{"href":"https:\/\/profeel.bzh\/wordpress\/wp-json\/wp\/v2\/posts"}],"about":[{"href":"https:\/\/profeel.bzh\/wordpress\/wp-json\/wp\/v2\/types\/post"}],"author":[{"embeddable":true,"href":"https:\/\/profeel.bzh\/wordpress\/wp-json\/wp\/v2\/users\/1"}],"replies":[{"embeddable":true,"href":"https:\/\/profeel.bzh\/wordpress\/wp-json\/wp\/v2\/comments?post=2515"}],"version-history":[{"count":0,"href":"https:\/\/profeel.bzh\/wordpress\/wp-json\/wp\/v2\/posts\/2515\/revisions"}],"wp:attachment":[{"href":"https:\/\/profeel.bzh\/wordpress\/wp-json\/wp\/v2\/media?parent=2515"}],"wp:term":[{"taxonomy":"category","embeddable":true,"href":"https:\/\/profeel.bzh\/wordpress\/wp-json\/wp\/v2\/categories?post=2515"},{"taxonomy":"post_tag","embeddable":true,"href":"https:\/\/profeel.bzh\/wordpress\/wp-json\/wp\/v2\/tags?post=2515"}],"curies":[{"name":"wp","href":"https:\/\/api.w.org\/{rel}","templated":true}]}}