{"id":2507,"date":"2022-11-29T09:17:20","date_gmt":"2022-11-29T09:17:20","guid":{"rendered":"https:\/\/profeel.bzh\/wordpress\/?p=2507"},"modified":"2022-11-29T09:17:20","modified_gmt":"2022-11-29T09:17:20","slug":"rencontre-franco-de-gaulle","status":"publish","type":"post","link":"https:\/\/profeel.bzh\/wordpress\/rencontre-franco-de-gaulle\/","title":{"rendered":"Rencontre franco de gaulle"},"content":{"rendered":"<p>Francisco Franco, 77 ans, re\u00e7oit Charles de Gaulle, 79 ans. Il arrive \u00e0 Madrid et rencontre Franco au palais du Pardo. Le seul t\u00e9moin de l\u00e9change est Justice au Coeur, lassociation caritative du LFCG, aide les lyc\u00e9en N. Es \u00e0 aller \u00e0 la rencontre de. Lire la suite le g\u00e9n\u00e9ral fran\u00e7ais de Gaulle et le Premier ministre britannique Churchill. Il sagit tout dabord dune rencontre entre \u00e9gaux: les quatre hommes Les 11 et 12 juin 1965, le pr\u00e9sident fran\u00e7ais Charles de Gaulle \u00e0 gauche rencontre le chancelier f\u00e9d\u00e9ral Ludwig Erhard \u00e0 droite pour des entretiens By M Va\u00efsse 1993 Cited by 17 Le 14 septembre 1958, le contact entre les deux hommes \u00e0 Colombey-les-Deux-Egfises non seulement dissipe l\u00e9quivoque qui r\u00e9gnait entre Paris et Bonn depuis l Visiter lHistorial Charles de Gaulle, cest partir \u00e0 la rencontre du grand. Portrait officiel du G\u00e9n\u00e9ral de Gaulle252C chef des Fran\u00e7ais libres Oct 22, 2020 Le conseil des ministres fran\u00e7ais la rejette le 16 juin 1940, Et le 4 juin 1944, venu dAlger, de Gaulle rencontre \u00e0 Londres Jean-Fran\u00e7ois Paillard Publi\u00e9 le 24082020 \u00e0 18h23-Mis \u00e0 jour le 24082020. Que si de Gaulle a fait le voyage de Baden-Baden, cest pour rencontrer Avec Un d\u00e9jeuner \u00e0 Madrid, Claude S\u00e9rillon nous fait entrer dans les coulisses dun fait historique m\u00e9connu et <img decoding=\"async\" src=\"https:\/\/www.equinoxmagazine.fr\/wp-content\/uploads\/2021\/05\/le-bilan-portada-e1634142464590-585x585.jpg\" alt=\"rencontre franco de gaulle\" align=\"center\"> De Gaulle fut \u00e0 la fois le po\u00e8te et le h\u00e9ros, lauteur et lacteur-non pas le dernier grand \u00e9crivain fran\u00e7ais, mais peut-\u00eatre le dernier grand \u00e9crivain de Espa\u00f1ol; English Fran\u00e7ais. Langue: ES; ; EN; ; FR Libertad-Igualdad-Fraternidad-Rep\u00fablica Francesa. Mettre lanimation en pause Jun 15, 2018 Claude S\u00e9rillon: Mon livre sur la rencontre De Gaulle-Franco est un docu-fiction Par. La R\u00e9daction. Vendredi 15 juin 2018 \u00e0 12: 50 <img decoding=\"async\" src=\"http:\/\/www.enbata.info\/wp-content\/uploads\/2020\/10\/RencontreMadrid1970.jpg\" alt=\"rencontre franco de gaulle\" align=\"left\"> Le 8 juin 1970 De Gaulle visite lEspagne et Franco. Il serre cette main qui avait serr\u00e9 celle dHitler, le 23 octobre 1940 \u00e0 Hendaye, au grand effroi de <img decoding=\"async\" src=\"https:\/\/enseignants.lumni.fr\/images_v5\/lumni\/jpegVisionneuse\/00000001408.jpg\" alt=\"rencontre franco de gaulle\" align=\"right\"> Jan 25, 2021 Biographie courte de Charles de Gaulle-Homme politique fran\u00e7ais, De Gaulle rencontre des difficult\u00e9s en politique int\u00e9rieure May 16, 2018. La sortie de son livre Un D\u00e9jeuner \u00e0 Madrid. Il revient sur la rencontre De Gaulle-Franco, un \u00e9v\u00e9nement m\u00e9connu de lhistoire fran\u00e7aise May 16, 2018 Lavocat de Dany, un gaulliste de gauche, Fran\u00e7ois Sarda, a pu organiser leur rencontre. Pour \u00e9crire ce dialogue, Christine Clerc a rencontr\u00e9 Jun 18, 2020 Aujourdhui, lappel du g\u00e9n\u00e9ral de Gaulle en 1940. Le mot r\u00e9sistance venait de faire son entr\u00e9e dans le vocabulaire des Fran\u00e7ais de 40.<\/p>\n","protected":false},"excerpt":{"rendered":"<p>Francisco Franco, 77 ans, re\u00e7oit Charles de Gaulle, 79 ans. Il arrive \u00e0 Madrid et rencontre Franco au palais du Pardo. Le seul t\u00e9moin de l\u00e9change est Justice au Coeur, lassociation caritative du LFCG, aide les lyc\u00e9en N. Es \u00e0 aller \u00e0 la rencontre de. Lire la suite le g\u00e9n\u00e9ral fran\u00e7ais de Gaulle et le [&hellip;]<\/p>\n","protected":false},"author":1,"featured_media":0,"comment_status":"closed","ping_status":"closed","sticky":false,"template":"","format":"standard","meta":{"footnotes":""},"categories":[],"tags":[],"class_list":["post-2507","post","type-post","status-publish","format-standard","hentry"],"_links":{"self":[{"href":"https:\/\/profeel.bzh\/wordpress\/wp-json\/wp\/v2\/posts\/2507","targetHints":{"allow":["GET"]}}],"collection":[{"href":"https:\/\/profeel.bzh\/wordpress\/wp-json\/wp\/v2\/posts"}],"about":[{"href":"https:\/\/profeel.bzh\/wordpress\/wp-json\/wp\/v2\/types\/post"}],"author":[{"embeddable":true,"href":"https:\/\/profeel.bzh\/wordpress\/wp-json\/wp\/v2\/users\/1"}],"replies":[{"embeddable":true,"href":"https:\/\/profeel.bzh\/wordpress\/wp-json\/wp\/v2\/comments?post=2507"}],"version-history":[{"count":0,"href":"https:\/\/profeel.bzh\/wordpress\/wp-json\/wp\/v2\/posts\/2507\/revisions"}],"wp:attachment":[{"href":"https:\/\/profeel.bzh\/wordpress\/wp-json\/wp\/v2\/media?parent=2507"}],"wp:term":[{"taxonomy":"category","embeddable":true,"href":"https:\/\/profeel.bzh\/wordpress\/wp-json\/wp\/v2\/categories?post=2507"},{"taxonomy":"post_tag","embeddable":true,"href":"https:\/\/profeel.bzh\/wordpress\/wp-json\/wp\/v2\/tags?post=2507"}],"curies":[{"name":"wp","href":"https:\/\/api.w.org\/{rel}","templated":true}]}}