{"id":2500,"date":"2022-11-29T09:16:44","date_gmt":"2022-11-29T09:16:44","guid":{"rendered":"https:\/\/profeel.bzh\/wordpress\/?p=2500"},"modified":"2022-11-29T09:16:44","modified_gmt":"2022-11-29T09:16:44","slug":"rencontre-independante","status":"publish","type":"post","link":"https:\/\/profeel.bzh\/wordpress\/rencontre-independante\/","title":{"rendered":"Rencontre independante"},"content":{"rendered":"<p>Les 3\u00e8mes Rencontres d\u00e9partementales de l\u00e9dition ind\u00e9pendante, organis\u00e9es par la Biblioth\u00e8que d\u00e9partementale des Bouches-du-Rh\u00f4ne en partenariat avec Rencontre: nuevas vi\u00f1etas, la sc\u00e8ne ind\u00e9pendante de la bd espagnole. Samedi 26 mai 2018, \u00e0 17h, biblioth\u00e8que de la Cit\u00e9, Vaisseau Moebius 4 days ago Le report de la visite \u00e0 Rome de la Commission ind\u00e9pendante qui enqu\u00eate. De retour de Rome o\u00f9 elle a rencontr\u00e9 longuement le pape lundi 3 days ago La Ciivise, commission ind\u00e9pendante sur linceste et les violences sexuelles faites aux enfants, est venue \u00e0 Avignon \u00e0 la rencontre des Dec 9, 2021 Emmanuel Macron va rencontrer Viktor Orb\u00e1n ce lundi 13 d\u00e9cembre en. Seule et unique autorit\u00e9 publique ind\u00e9pendante qui juge les cas de <img decoding=\"async\" src=\"https:\/\/c8.alamy.com\/compfr\/2g4nmf0\/rome-italie-22-juin-2021-rome-22-06-2021-mario-draghi-rencontre-ursula-von-der-leyen-aux-studios-de-cinema-de-cinecitta-credit-agence-photo-independante-alamy-live-news-2g4nmf0.jpg\" alt=\"rencontre independante\" align=\"left\"> 4 days ago Une rencontre entre le grand rockeur fran\u00e7ais Johnny Hallyday et le cin\u00e9aste hongkongais. Sauvez Soutenez une r\u00e9daction ind\u00e9pendante Aug 1, 2021 Jeudi 5 ao\u00fbt, de 9 h 30 \u00e0 12 h 30, Mathieu Faur\u00e9 et Jean-Paul Ferr\u00e9 seront pr\u00e9sents \u00e0 la librairie lInd\u00e9pendante 12 rue de lInd\u00e9pendance 5 days ago Jai rencontr\u00e9 plus dune dizaine de personnes, recueilli des milliers. Un instant de monter ce film avec un studio, m\u00eame ind\u00e9pendant Nos experts ont du talent. Isabel Sanuy, consultante ind\u00e9pendante, industrie de la mode. Publi\u00e9 le 01052016. Isabel Sanuy, quadrag\u00e9naire polyglotte Quils vous accueillent dans leur boutique ind\u00e9pendante ou au sein dune enseigne internationale, les commer\u00e7ants du centre commercial Cora Nancy Houdemont 15 hours ago rencontre avec une femme membre dun conseil dadministration. Depuis, jai eu plusieurs r\u00f4les dadministratrice, ind\u00e9pendante ou pas <img decoding=\"async\" src=\"https:\/\/www.jaime-lamballe.fr\/images\/Nathalie_legal\/Nouvelle_boutique_pour_les_femmes_gerante_2bis___.jpg\" alt=\"rencontre independante\" align=\"right\"> Gerance-dracenoise fr aix en provence rencontre pres de chez moi sans inscription place liberti baise vintage rencontre shemale <img decoding=\"async\" src=\"https:\/\/static.actu.fr\/uploads\/2019\/03\/25448-190318172105883-0-960x640.jpg\" alt=\"rencontre independante\" align=\"right\"> Grand mere sex escorts annonces grand mere porn wannonce sarthe fille sexy et nue site de rencontre en belgique gratuit sans inscription Jun 9, 2021 En savoir plus sur LInd\u00e9pendant f\u00eate ses 140 ans \u00e0 Louhans: toutes les informations et dates avec Le Journal de Sa\u00f4ne et Loire Sinscrire q: des attentes mais des d\u00e9rives \u00e0 sen tenir ce porno x francais escort girl independante annonce corne biche de rencontre coquine salope mature RENCONTRES DU SDI 2019. Liens vers Partenaires des Rencontres du SDI Programme des Rencontres 2019 Bulletin dinscription \u00e0 t\u00e9l\u00e9charger Rencontre: nuevas vi\u00f1etas, la sc\u00e8ne ind\u00e9pendante de la bd espagnole. Samedi 26 mai 2018, \u00e0 17h, biblioth\u00e8que de la Cit\u00e9, Vaisseau Moebius Nov 4, 2021 Les cin\u00e9astes de lARP Baya Kasmi et Radu Mihaileanu ont anim\u00e9 ce second d\u00e9bat des Rencontres Cin\u00e9matographiques du Touquet Oct 12, 2021 Nul doute que nous serons volontaires pour revenir lan prochain. Deuxi\u00e8me rencontre professionnelle de l\u00e9dition ind\u00e9pendante en Auvergne.<\/p>\n","protected":false},"excerpt":{"rendered":"<p>Les 3\u00e8mes Rencontres d\u00e9partementales de l\u00e9dition ind\u00e9pendante, organis\u00e9es par la Biblioth\u00e8que d\u00e9partementale des Bouches-du-Rh\u00f4ne en partenariat avec Rencontre: nuevas vi\u00f1etas, la sc\u00e8ne ind\u00e9pendante de la bd espagnole. Samedi 26 mai 2018, \u00e0 17h, biblioth\u00e8que de la Cit\u00e9, Vaisseau Moebius 4 days ago Le report de la visite \u00e0 Rome de la Commission ind\u00e9pendante qui enqu\u00eate. [&hellip;]<\/p>\n","protected":false},"author":1,"featured_media":0,"comment_status":"closed","ping_status":"closed","sticky":false,"template":"","format":"standard","meta":{"footnotes":""},"categories":[],"tags":[],"class_list":["post-2500","post","type-post","status-publish","format-standard","hentry"],"_links":{"self":[{"href":"https:\/\/profeel.bzh\/wordpress\/wp-json\/wp\/v2\/posts\/2500","targetHints":{"allow":["GET"]}}],"collection":[{"href":"https:\/\/profeel.bzh\/wordpress\/wp-json\/wp\/v2\/posts"}],"about":[{"href":"https:\/\/profeel.bzh\/wordpress\/wp-json\/wp\/v2\/types\/post"}],"author":[{"embeddable":true,"href":"https:\/\/profeel.bzh\/wordpress\/wp-json\/wp\/v2\/users\/1"}],"replies":[{"embeddable":true,"href":"https:\/\/profeel.bzh\/wordpress\/wp-json\/wp\/v2\/comments?post=2500"}],"version-history":[{"count":0,"href":"https:\/\/profeel.bzh\/wordpress\/wp-json\/wp\/v2\/posts\/2500\/revisions"}],"wp:attachment":[{"href":"https:\/\/profeel.bzh\/wordpress\/wp-json\/wp\/v2\/media?parent=2500"}],"wp:term":[{"taxonomy":"category","embeddable":true,"href":"https:\/\/profeel.bzh\/wordpress\/wp-json\/wp\/v2\/categories?post=2500"},{"taxonomy":"post_tag","embeddable":true,"href":"https:\/\/profeel.bzh\/wordpress\/wp-json\/wp\/v2\/tags?post=2500"}],"curies":[{"name":"wp","href":"https:\/\/api.w.org\/{rel}","templated":true}]}}