{"id":2379,"date":"2022-11-29T09:07:05","date_gmt":"2022-11-29T09:07:05","guid":{"rendered":"https:\/\/profeel.bzh\/wordpress\/?p=2379"},"modified":"2022-11-29T09:07:05","modified_gmt":"2022-11-29T09:07:05","slug":"rencontre-ethique","status":"publish","type":"post","link":"https:\/\/profeel.bzh\/wordpress\/rencontre-ethique\/","title":{"rendered":"Rencontre ethique"},"content":{"rendered":"<p>Apr 22, 2021 Lappel de Rome pour une \u00e9thique de lintelligence artificielle rencontre un \u00e9cho dans le monde entier. Une initiative conjointe sur lIA Quand aurons-nous un compte-courant \u00e9thique. Le groupe local du Vaucluse pour la Nef, soci\u00e9t\u00e9 coop\u00e9rative de finance solidaire, r\u00e9pond \u00e0 vos questions 19 hours ago Pour la 2eme rencontre de la s\u00e9rie, le fondateur de Blablacar est revenu dans son ancien. Paris, nouveau temple de la mode \u00e9thique Aug 20, 2018 LEspace de R\u00e9flexion Ethique Occitanie, organise la rencontre annuelle des structures \u00e9thique des \u00e9tablissements sanitaires et Sep 8, 2017 LEspace de r\u00e9flexion \u00e9thique Bourgogne Franche-Comt\u00e9 organise les Rencontres annuelles r\u00e9gionales de la recherche en \u00e9thique dans le champ <img decoding=\"async\" src=\"https:\/\/coeuretpassion.com\/wp-content\/uploads\/elementor\/thumbs\/20210928_121858-1-pdrx0api1txixzsm7qcsde92ijuna8faryu9xum588.jpg\" alt=\"rencontre ethique\" align=\"center\"> G\u00e9rer le consentement Rechercher. FR EN Suivez-nous. Inscrivez-vous \u00e0 notre newsletter. Acc\u00e8s Investisseur. Acc\u00e8s Investisseur Cat\u00e9gorie: Rencontres. Horaires: 13h30-17h. Lieu: Toulouse. La journ\u00e9e des structures d\u00e9thique en Occitanie a \u00e9t\u00e9 consacr\u00e9e \u00e0 lImpact du num\u00e9rique 4 days ago Le comit\u00e9 consultatif national d\u00e9thique CCNE doit rendre jeudi son avis sur la vaccination anti-Covid de tous les enfants entre 5 et 11 Mar 21, 2020 Rencontre avec Claudio Marenzi, pionnier de la mode \u00e9thique en Italie Je viens dune culture o\u00f9 un v\u00eatement a une fonction bien sp\u00e9cifique 7 days ago LUEFA a pr\u00e9cis\u00e9 que le sort de la rencontre d\u00e9pend d\u00e9sormais de la d\u00e9cision de linstance de contr\u00f4le, d\u00e9thique et de discipline de Fiche d\u00e9taill\u00e9e de Utopie et rencontre; \u00e9thique en travail social. Dans la lign\u00e9e de ses pr\u00e9c\u00e9dents ouvrages, Dominique Depenne continue de creuser le 15 hours ago Attention t\u00e9lescopage garantie quand Mercure pralin\u00e9 au lait noisettes cardamome rencontre Neptune ganache, th\u00e9, menthe glaciale A la rencontre de l\u00e9thique: Les fondements du questionnement \u00e9thique de Paycheng, Odile; Szerman, St\u00e9phane sur AbeBooks. Fr-ISBN 10: 2853852776-ISBN Quand l\u00e9thique appliqu\u00e9e rencontre la sociologieWhen applied ethics meets sociology. Pour celui-ci, l\u00e9thique est un effort critique de lindividu pour <img decoding=\"async\" src=\"https:\/\/www.echosciences-savoie-mont-blanc.fr\/uploads\/body_image\/attachment\/1005471526\/Image_3_rencontre_ethique_et_eau.png\" alt=\"rencontre ethique\" align=\"left\"> Nov 5, 2021 Le pr\u00e9sident chinois Xi Jinping a rencontr\u00e9 vendredi des personnalit\u00e9s mod\u00e8les en termes d\u00e9thique au niveau national, ainsi que des Article similaire \u00e0 L\u00e9thique en question. Eric Zemmour ins\u00e9parable de Sarah Knafo: lorigine de leur rencontre en question 21 hours ago Le comit\u00e9 fran\u00e7ais d\u00e9thique CCNE sest prononc\u00e9 vendredi en faveur de louverture de la vaccination anti-Covid \u00e0 tous les 5-11 ans Apr 26, 2019 Plus de vingt ans apr\u00e8s le lancement du premier site de rencontre en France, un Fran\u00e7ais sur quatre d\u00e9clare s\u00eatre d\u00e9j\u00e0 inscrit <img decoding=\"async\" src=\"http:\/\/french.peopledaily.com.cn\/NMediaFile\/2021\/1108\/FOREIGN202111080900000537386381564.jpg\" alt=\"rencontre ethique\" align=\"right\"> Les Rencontres du CEA. Le Club des Professionnels La Librairie de l\u00c9thique Le P\u00f4le Recherche et Entreprises LEuropean Business Ethics Forum.<\/p>\n","protected":false},"excerpt":{"rendered":"<p>Apr 22, 2021 Lappel de Rome pour une \u00e9thique de lintelligence artificielle rencontre un \u00e9cho dans le monde entier. Une initiative conjointe sur lIA Quand aurons-nous un compte-courant \u00e9thique. Le groupe local du Vaucluse pour la Nef, soci\u00e9t\u00e9 coop\u00e9rative de finance solidaire, r\u00e9pond \u00e0 vos questions 19 hours ago Pour la 2eme rencontre de la [&hellip;]<\/p>\n","protected":false},"author":1,"featured_media":0,"comment_status":"closed","ping_status":"closed","sticky":false,"template":"","format":"standard","meta":{"footnotes":""},"categories":[],"tags":[],"class_list":["post-2379","post","type-post","status-publish","format-standard","hentry"],"_links":{"self":[{"href":"https:\/\/profeel.bzh\/wordpress\/wp-json\/wp\/v2\/posts\/2379","targetHints":{"allow":["GET"]}}],"collection":[{"href":"https:\/\/profeel.bzh\/wordpress\/wp-json\/wp\/v2\/posts"}],"about":[{"href":"https:\/\/profeel.bzh\/wordpress\/wp-json\/wp\/v2\/types\/post"}],"author":[{"embeddable":true,"href":"https:\/\/profeel.bzh\/wordpress\/wp-json\/wp\/v2\/users\/1"}],"replies":[{"embeddable":true,"href":"https:\/\/profeel.bzh\/wordpress\/wp-json\/wp\/v2\/comments?post=2379"}],"version-history":[{"count":0,"href":"https:\/\/profeel.bzh\/wordpress\/wp-json\/wp\/v2\/posts\/2379\/revisions"}],"wp:attachment":[{"href":"https:\/\/profeel.bzh\/wordpress\/wp-json\/wp\/v2\/media?parent=2379"}],"wp:term":[{"taxonomy":"category","embeddable":true,"href":"https:\/\/profeel.bzh\/wordpress\/wp-json\/wp\/v2\/categories?post=2379"},{"taxonomy":"post_tag","embeddable":true,"href":"https:\/\/profeel.bzh\/wordpress\/wp-json\/wp\/v2\/tags?post=2379"}],"curies":[{"name":"wp","href":"https:\/\/api.w.org\/{rel}","templated":true}]}}