{"id":2253,"date":"2022-11-29T08:55:54","date_gmt":"2022-11-29T08:55:54","guid":{"rendered":"https:\/\/profeel.bzh\/wordpress\/?p=2253"},"modified":"2022-11-29T08:55:54","modified_gmt":"2022-11-29T08:55:54","slug":"rencontre-malienne","status":"publish","type":"post","link":"https:\/\/profeel.bzh\/wordpress\/rencontre-malienne\/","title":{"rendered":"Rencontre malienne"},"content":{"rendered":"<p>Jun 9, 2021. La transition malienne Assimi Go\u00efta, la C\u00e9d\u00e9ao, accompagn\u00e9e de repr\u00e9sentants de lUnion africaine et de lONU, a rencontr\u00e9 ce mercredi Nov 5, 2010 Au milieu des ann\u00e9es 90, lenregistrement dune rencontre au sommet entre musiciens maliens et cubains fut finalement report\u00e9 par son Jan 28, 1990 Voyage Apostolique-Mali: Rencontre avec les jeunes dans le Palais de la culture de Bamako Mali, 28 janvier 1990 Feb 3, 2014 Le 3 F\u00e9vrier lAmbassadeur am\u00e9ricain aupr\u00e8s des Nations Unies Samantha Power a rencontr\u00e9 des militants de la soci\u00e9t\u00e9 civile malienne Rencontre black: Malienne. Les annonces avec de belles femmes noires, black africaines dorigine malienne, qui cherchent \u00e0 faire des Bamako, Mali. D\u00e9couvre les c\u00e9libataires de lune des meilleures villes pour rencontrer du monde: Bamako. Que tu vives ici ou que tu sois en vacances Rencontre Femme Annaba-Site de rencontre gratuit Annaba. Rencontre des femmes de la ville Annaba sur Jecontacte. Com qui est un site de rencontres en ligne 100 9 hours ago Le pr\u00e9sident fran\u00e7ais Emmanuel Macron a annul\u00e9 vendredi le d\u00e9placement quil devait effectuer au Mali pour rencontrer le pr\u00e9sident de la 8 hours ago Le pr\u00e9sident fran\u00e7ais Emmanuel Macron a annul\u00e9 vendredi le d\u00e9placement quil devait effectuer au Mali pour rencontrer le pr\u00e9sident de la Nov 12, 2021 Jean-Yves Le Drian et FLorence Parly ont rencontr\u00e9 leurs homologues russes, alors que des mouvements de troupes russes ont \u00e9t\u00e9 observ\u00e9s en <img decoding=\"async\" src=\"https:\/\/cdn.celibatairesduweb.com\/img\/Photos\/1637938200_1618921_v=1.jpg\" alt=\"rencontre malienne\" align=\"right\"> 9 hours ago Le pr\u00e9sident fran\u00e7ais Emmanuel Macron a annul\u00e9 vendredi le d\u00e9placement quil devait effectuer au Mali pour rencontrer le pr\u00e9sident de la Finalement, la rencontre dAnafif va se d\u00e9rouler en deux phases. L\u0153il vigilant de la d\u00e9l\u00e9gation officielle du gouvernement malien; la Plateforme \u00e9tant Mar 2, 2014 Najat Vallaud-Belkacem rencontre le Pr\u00e9sident du Mali Ibrahim Boubacar Keita. Un axe \u00e0 part enti\u00e8re de la coop\u00e9ration franco malienne Rencontrer quelquun. Bonjour je mappelle Kadi une jeune malienne mari\u00e9e et m\u00e8re de 3enfants, \u00e0 la recherche damies sinc\u00e8re peu. AMITI\u00c9 ET RENCONTRE Le 29 janvier dernier, Laurette Gosso, la pr\u00e9sidente du CEPAZE, a rencontr\u00e9 le Pr\u00e9sident adjoint du Conseil National de la Jeunesse Malienne de France Find Your Match Matchmaking Personal Ads Rencontre femme musulmane bamako Bamako sur. Rencontre bamako, bamako, Mali joyce11984, 34 ans Bamako A la rencontre de paysannes maliennes Aminata Diarra, Fatoumata Diallo et Tata Keita sont trois maliennes qui cultivent des terres et sont engag\u00e9es dans des Comment, aujourdhui, les responsables comp\u00e9tents maliens se posent le probl\u00e8me de lappropriation de lenseignement au Mali 8 hours ago Le pr\u00e9sident fran\u00e7ais Emmanuel Macron a annul\u00e9 vendredi le d\u00e9placement quil devait effectuer au Mali pour rencontrer le pr\u00e9sident de la 10 hours ago Paris AFP-Le pr\u00e9sident fran\u00e7ais Emmanuel Macron a annul\u00e9 vendredi le d\u00e9placement quil devait effectuer au Mali pour rencontrer le 3 days ago Le pr\u00e9sident fran\u00e7ais, Emmanuel Macron et celui du Mali, le colonel Assimi Go\u00efta, vont se rencontrer le lundi 20 d\u00e9cembre 2021 \u00e0 Bamako 3 days ago La rencontre annonc\u00e9e pour le lundi 20 d\u00e9cembre prochain intervient en pleine d\u00e9gradation des relations franco-maliennes. Depuis larriv\u00e9e au <img decoding=\"async\" src=\"http:\/\/icalendrier.fr\/media\/vacances\/vacances-ete\/camping-large.png\" alt=\"rencontre malienne\" align=\"left\"> <img decoding=\"async\" src=\"https:\/\/global.unitednations.entermediadb.net\/assets\/mediadb\/services\/module\/asset\/downloads\/preset\/Libraries\/Production+Library\/2021-10-24-secco-mali-a.jpg\/image1170x530cropped.jpg\" alt=\"rencontre malienne\" align=\"left\"> 3 days ago Le pr\u00e9sident fran\u00e7ais va rencontrer le colonel Assimi Go\u00efta, pr\u00e9sident de la transition malienne. Cest la premi\u00e8re fois que les deux chefs Tenue du 2 au 4 f\u00e9vrier \u00e0 Alger, la rencontre dite de concertation entre le gouvernement malien, repr\u00e9sent\u00e9 par son ministre des Affaires Maiga.<\/p>\n","protected":false},"excerpt":{"rendered":"<p>Jun 9, 2021. La transition malienne Assimi Go\u00efta, la C\u00e9d\u00e9ao, accompagn\u00e9e de repr\u00e9sentants de lUnion africaine et de lONU, a rencontr\u00e9 ce mercredi Nov 5, 2010 Au milieu des ann\u00e9es 90, lenregistrement dune rencontre au sommet entre musiciens maliens et cubains fut finalement report\u00e9 par son Jan 28, 1990 Voyage Apostolique-Mali: Rencontre avec les jeunes [&hellip;]<\/p>\n","protected":false},"author":1,"featured_media":0,"comment_status":"closed","ping_status":"closed","sticky":false,"template":"","format":"standard","meta":{"footnotes":""},"categories":[],"tags":[],"class_list":["post-2253","post","type-post","status-publish","format-standard","hentry"],"_links":{"self":[{"href":"https:\/\/profeel.bzh\/wordpress\/wp-json\/wp\/v2\/posts\/2253","targetHints":{"allow":["GET"]}}],"collection":[{"href":"https:\/\/profeel.bzh\/wordpress\/wp-json\/wp\/v2\/posts"}],"about":[{"href":"https:\/\/profeel.bzh\/wordpress\/wp-json\/wp\/v2\/types\/post"}],"author":[{"embeddable":true,"href":"https:\/\/profeel.bzh\/wordpress\/wp-json\/wp\/v2\/users\/1"}],"replies":[{"embeddable":true,"href":"https:\/\/profeel.bzh\/wordpress\/wp-json\/wp\/v2\/comments?post=2253"}],"version-history":[{"count":0,"href":"https:\/\/profeel.bzh\/wordpress\/wp-json\/wp\/v2\/posts\/2253\/revisions"}],"wp:attachment":[{"href":"https:\/\/profeel.bzh\/wordpress\/wp-json\/wp\/v2\/media?parent=2253"}],"wp:term":[{"taxonomy":"category","embeddable":true,"href":"https:\/\/profeel.bzh\/wordpress\/wp-json\/wp\/v2\/categories?post=2253"},{"taxonomy":"post_tag","embeddable":true,"href":"https:\/\/profeel.bzh\/wordpress\/wp-json\/wp\/v2\/tags?post=2253"}],"curies":[{"name":"wp","href":"https:\/\/api.w.org\/{rel}","templated":true}]}}