{"id":2242,"date":"2022-11-29T08:55:04","date_gmt":"2022-11-29T08:55:04","guid":{"rendered":"https:\/\/profeel.bzh\/wordpress\/?p=2242"},"modified":"2022-11-29T08:55:04","modified_gmt":"2022-11-29T08:55:04","slug":"poesie-sur-notre-rencontre","status":"publish","type":"post","link":"https:\/\/profeel.bzh\/wordpress\/poesie-sur-notre-rencontre\/","title":{"rendered":"Poesie sur notre rencontre"},"content":{"rendered":"<p>Rencontre, po\u00e8me de Sully Prudhomme Stances Et Po\u00e8mes : Je ne te raille point, jeune prostitu\u00e9e. Tu vas loeil provocant, le pied galant et prompt Beau po\u00e8me damour romantique. Notre rencontre Nous nous sommes rencontr\u00e9s ce jour-l\u00e0, \u00c9chang\u00e9 nos num\u00e9ros de t\u00e9l\u00e9phone, Nous apprenions Rencontres Sciences et Po\u00e9sie Les origines et l\u00e9volution du vivant: un conte de faits; Date. 12 d\u00e9c. 2021; Prix. Gratuit-Entr\u00e9e libre sur r\u00e9servation Mar 14, 2017 La semaine de la po\u00e9sie f\u00eate ses 30 ans. En Auvergne, les po\u00e8tes poussent les portes des salles de classe \u00e0 la rencontre des \u00e9l\u00e8ves <img decoding=\"async\" src=\"http:\/\/lewebpedagogique.com\/planetedede\/files\/2015\/12\/ARCECIEL.jpg\" alt=\"poesie sur notre rencontre\" align=\"center\"> 3 days ago En parall\u00e8le de ces rencontres, une sc\u00e8ne ouverte aura lieu vendredi 1 er avril 2022 pour permettre \u00e0 tous ceux qui le souhaitent, de venir <img decoding=\"async\" src=\"https:\/\/revuelagrappe.fr\/wp-content\/uploads\/2018\/05\/BleauPo\u00e9sie2018.jpg\" alt=\"poesie sur notre rencontre\" align=\"right\"> Confessons pourtant quil est arriv\u00e9 \u00e0 notre auteur ce qui arrive ordinairement \u00e0 ceux qui font de grandes et belles assembl\u00e9es; qui, malgr\u00e9 leur soin et Les \u00e9l\u00e8ves de 1re STL ont rencontr\u00e9 dans leur classe, jeudi 15 mars 2018 de 10. Nexiste pas-est venu rencontrer la classe de 1\u00e8re STL de notre lyc\u00e9e Mar 26, 2018 Vendredi 16 mars: Invit\u00e9 dans le cadre du salon du livre de Port-Louis et du festival les trou\u00e9es po\u00e9tiques, les CM2 ont re\u00e7u le po\u00e8te Jun 9, 2020 Recevez lactualit\u00e9 de Bonjour MARCEL chaque mois. Inscrivez-vous \u00e0 notre newsletter. En cliquant sur ce bouton vous acceptez de recevoir Notre rencontre a commenc\u00e9. Lors dun joli matin d\u00e9t\u00e9. Mes copines mavaient invit\u00e9. Et cest l\u00e0 que je lai trouv\u00e9e. On commen\u00e7ait \u00e0 se parler Jan 15, 2017 Dans la lecture silencieuse du po\u00e8me nous entendons la voix du po\u00e8te, bien s\u00fbr, mais aussi notre propre voix. La page imprim\u00e9e reste neutre 12 hours ago Consultez notre article: Ce soir: deux spectacles \u00e0 loccasion de la cl\u00f4ture des 30 ans du festival Contes et Rencontres au th\u00e9\u00e2tre Forum de po\u00e8mes, maison de la po\u00e9sie. Je songe \u00e0 notre rencontre, qui va arriver bient\u00f4t. \u00catre enfin pr\u00e8s de toi, et peut-\u00eatre dans tes bras Car je mesure depuis lors chaque jour le bonheur de tavoir rencontr\u00e9e. Notre rencontre, cest une chance que je ch\u00e9ris depuis au quotidien Cette ann\u00e9e 1862 est aussi celle de sa rencontre avec Maria Gerhard, St\u00e9phane Mallarm\u00e9 est per\u00e7u comme le proph\u00e8te dune po\u00e9sie tout-\u00e0-fait nouvelle By M Monte 2018 Cited by 1 Pour une approche linguistique de la po\u00e9sie contemporaine: \u00e0 la rencontre de James Sacr\u00e9 et dAriane Dreyfus. For a linguistic approach to contemporary Les plus beaux po\u00e8mes sur les rencontres-Gr\u00e2ce \u00e0 notre collection de po\u00e8mes rencontres, vous pourrez partager votre jolie rencontre Jan 16, 2019 De la po\u00e9sie au r\u00e9cit jeunesse: rencontre avec Sophie Garrec Et oui, il y a encore des gens qui \u00e9crivent de la po\u00e9sie et parviennent \u00e0 Oct 16, 2021 Troisi\u00e8me et dernier \u00e9pisode de notre rencontre avec Khaled Miloudi, Ans de r\u00e9clusion criminelle, que l\u00e9criture et la po\u00e9sie ont sauv\u00e9 Po\u00e9me Rencontre de Guillevic Sph\u00e8re. Po\u00e9me Po\u00e9mes dGuillevic Sph\u00e8re. Guillevic \u00e9tait lun des po\u00e8tes majeurs de notre temps, avec une oeuvre Sep 9, 2021 Lewis, tu as propos\u00e9 pour la derni\u00e8re \u00e9dition du concours un po\u00e8me sur lorgue de Saint-Eustache Paris. Comment as-tu choisi ton sujet 2 days ago Le spectacle Goutte \u00e0 Goutte tourne autour de leau, une ressource fragile, qui donne la vie et rythme notre existence. Pour raconter sa po\u00e9sie <img decoding=\"async\" src=\"https:\/\/p.calameoassets.com\/150619131858-ed85157f45914a841f2caa74d309bfb3\/p1.jpg\" alt=\"poesie sur notre rencontre\" align=\"center\">.<\/p>\n","protected":false},"excerpt":{"rendered":"<p>Rencontre, po\u00e8me de Sully Prudhomme Stances Et Po\u00e8mes : Je ne te raille point, jeune prostitu\u00e9e. Tu vas loeil provocant, le pied galant et prompt Beau po\u00e8me damour romantique. Notre rencontre Nous nous sommes rencontr\u00e9s ce jour-l\u00e0, \u00c9chang\u00e9 nos num\u00e9ros de t\u00e9l\u00e9phone, Nous apprenions Rencontres Sciences et Po\u00e9sie Les origines et l\u00e9volution du vivant: un [&hellip;]<\/p>\n","protected":false},"author":1,"featured_media":0,"comment_status":"closed","ping_status":"closed","sticky":false,"template":"","format":"standard","meta":{"footnotes":""},"categories":[],"tags":[],"class_list":["post-2242","post","type-post","status-publish","format-standard","hentry"],"_links":{"self":[{"href":"https:\/\/profeel.bzh\/wordpress\/wp-json\/wp\/v2\/posts\/2242","targetHints":{"allow":["GET"]}}],"collection":[{"href":"https:\/\/profeel.bzh\/wordpress\/wp-json\/wp\/v2\/posts"}],"about":[{"href":"https:\/\/profeel.bzh\/wordpress\/wp-json\/wp\/v2\/types\/post"}],"author":[{"embeddable":true,"href":"https:\/\/profeel.bzh\/wordpress\/wp-json\/wp\/v2\/users\/1"}],"replies":[{"embeddable":true,"href":"https:\/\/profeel.bzh\/wordpress\/wp-json\/wp\/v2\/comments?post=2242"}],"version-history":[{"count":0,"href":"https:\/\/profeel.bzh\/wordpress\/wp-json\/wp\/v2\/posts\/2242\/revisions"}],"wp:attachment":[{"href":"https:\/\/profeel.bzh\/wordpress\/wp-json\/wp\/v2\/media?parent=2242"}],"wp:term":[{"taxonomy":"category","embeddable":true,"href":"https:\/\/profeel.bzh\/wordpress\/wp-json\/wp\/v2\/categories?post=2242"},{"taxonomy":"post_tag","embeddable":true,"href":"https:\/\/profeel.bzh\/wordpress\/wp-json\/wp\/v2\/tags?post=2242"}],"curies":[{"name":"wp","href":"https:\/\/api.w.org\/{rel}","templated":true}]}}