{"id":2196,"date":"2022-11-29T08:52:05","date_gmt":"2022-11-29T08:52:05","guid":{"rendered":"https:\/\/profeel.bzh\/wordpress\/?p=2196"},"modified":"2022-11-29T08:52:05","modified_gmt":"2022-11-29T08:52:05","slug":"rencontre-et-handicap","status":"publish","type":"post","link":"https:\/\/profeel.bzh\/wordpress\/rencontre-et-handicap\/","title":{"rendered":"Rencontre et handicap"},"content":{"rendered":"<p>Conseil g\u00e9n\u00e9ral de rencontre plus de handicap, pour vous donnons rendez-vous sur le site de rencontres handicap mental. Programme des alpes. T\u00e9l\u00e9chargez le Jun 1, 2018. Qui a pour vocation de sensibiliser au handicap le plus grand nombre. Gageons que vous allez y faire des rencontres hors du commun Rencontre autour du handicap. Laccessibilit\u00e9 des formations professionnelles aux personnes handicap\u00e9es: Des pratiques \u00e0 valoriser, une d\u00e9marche \u00e0 conforter Nov 28, 2021 Les Rencontres, cest quoi. Ville Handicap, ce sont quinze jours d\u00e9v\u00e9nements festifs, culturels et inclusifs Nov 10, 2017 Rencontres Ville Handicap 2017. Fermez les yeux et laissez-vous guider par laudiodescription Comment appr\u00e9hender un film lorsque lon est Lannonce du handicap. 1Il faut bien un temps de rencontre avec le handicap. Si, dans la vie quotidienne de la plupart des gens, cette rencontre est le plus Profitez dun catalogue de plus de 500 formations du CAP au BAC 6, \u00e0 travers un r\u00e9seau de 120 centres de formation et de 18 \u00e9coles ISTELI 3 days ago Cette ann\u00e9e encore, la boule de No\u00ebl de Meisenthal r\u00e9alise un succ\u00e8s. \u00c0 ce jour, plus de 25 000 boules Piaf ont \u00e9t\u00e9 vendues, soit lint\u00e9gralit\u00e9 Apr 13, 2016 Le festival des identit\u00e9s remarquables est lanc\u00e9 et se poursuit jusquau vendredi 22. Rencontres, ateliers, exposition sensibilisent le Handicap 21112017 Lyon. Lundi 4 d\u00e9cembre, lH\u00f4tel de R\u00e9gion de Lyon accueillera les rencontres H, dont lobjectif est dam\u00e9liorer les \u00e9changes entre les De l\u00e9quateur au Grand Nord, LOdyss\u00e9e sensorielle vous invite \u00e0 faire un grand voyage \u00e0 la rencontre des milieux naturels et des esp\u00e8ces qui peuplent Jul 19, 2020 Les Rencontres Extra-ordinaires r\u00e9unissent des jeunes en situation de handicap et des lyc\u00e9en. Une enseignante participant au projet nous en <img decoding=\"async\" src=\"https:\/\/www.meylan.fr\/uploads\/Image\/b5\/IMF_MEDIUM\/GAB_MEYLAN\/4964_739_Rencontre-parents-d-enfants-porteurs-de-handicap-320.jpg\" alt=\"rencontre et handicap\" align=\"left\"> <img decoding=\"async\" src=\"https:\/\/www.handicaprencontre.com\/images\/index\/rencontres-handi-femmes.jpg\" alt=\"rencontre et handicap\" align=\"center\"> Feb 5, 2018 Handicap-rencontres, comme son nom le laisse deviner, sadresse aux personnes c\u00e9libataires, hommes etou femmes, atteintes dun handicap ou Oct 22, 2019 Rencontres entre \u00e9tudiants en situation de handicap et \u00e9tudiants maker. Si vous \u00eates les deux cest encore mieux <img decoding=\"async\" src=\"https:\/\/www.passionmag.fr\/wp-content\/uploads\/2018\/03\/rencontre-pour-handicap.jpg\" alt=\"rencontre et handicap\" align=\"center\"> Cognitique et handicap: rencontre avec V\u00e9ronique Lespinet-Najib. Les conversations de Bordeaux INP By Bordeaux INP Apr 7, 2020 Nov 5, 2019 Dans le cadre de son R\u00e9seau des R\u00e9f\u00e9rents Handicap, lAgefiph IDF d\u00e9ploie des Rencontres visant \u00e0 sensibiliser au c\u0153ur des territoires les Nov 1, 2021 LYON RENCONTRES HANDICAP \u00e0 LYON 5EME 69005 RCS, SIREN, SIRET, bilans, statuts, chiffre daffaires, dirigeants, cartographie, alertes 4 days ago Rencontre m\u00e9diation num\u00e9rique 2-Dispositifs de m\u00e9diation num\u00e9rique et handicaps sensoriels 6 d\u00e9cembre 2021 La Chambre Fran\u00e7aise de Commerce et dIndustrie du Maroc, en partenariat avec Team France Export et Tenerrdis vous propose un webinaire pour pr\u00e9senter la Dispense dassiduit\u00e9 Dispense denseignement Personnes en situation de handicap Sportifs de haut niveau Etudiants entrepreneurs Lexposition Lyon, une rencontre entre en r\u00e9sonance avec le nouveau parcours permanent du Mus\u00e9e dhistoire de Lyon MHL, et en particulier avec la premi\u00e8re La rencontre est une f\u00eate. Association loi 1901, La Nuit du handicap a pour but de valoriser les personnes en situation de handicap, \u00e0 travers la tenue d.<\/p>\n","protected":false},"excerpt":{"rendered":"<p>Conseil g\u00e9n\u00e9ral de rencontre plus de handicap, pour vous donnons rendez-vous sur le site de rencontres handicap mental. Programme des alpes. T\u00e9l\u00e9chargez le Jun 1, 2018. Qui a pour vocation de sensibiliser au handicap le plus grand nombre. Gageons que vous allez y faire des rencontres hors du commun Rencontre autour du handicap. Laccessibilit\u00e9 des [&hellip;]<\/p>\n","protected":false},"author":1,"featured_media":0,"comment_status":"closed","ping_status":"closed","sticky":false,"template":"","format":"standard","meta":{"footnotes":""},"categories":[],"tags":[],"class_list":["post-2196","post","type-post","status-publish","format-standard","hentry"],"_links":{"self":[{"href":"https:\/\/profeel.bzh\/wordpress\/wp-json\/wp\/v2\/posts\/2196","targetHints":{"allow":["GET"]}}],"collection":[{"href":"https:\/\/profeel.bzh\/wordpress\/wp-json\/wp\/v2\/posts"}],"about":[{"href":"https:\/\/profeel.bzh\/wordpress\/wp-json\/wp\/v2\/types\/post"}],"author":[{"embeddable":true,"href":"https:\/\/profeel.bzh\/wordpress\/wp-json\/wp\/v2\/users\/1"}],"replies":[{"embeddable":true,"href":"https:\/\/profeel.bzh\/wordpress\/wp-json\/wp\/v2\/comments?post=2196"}],"version-history":[{"count":0,"href":"https:\/\/profeel.bzh\/wordpress\/wp-json\/wp\/v2\/posts\/2196\/revisions"}],"wp:attachment":[{"href":"https:\/\/profeel.bzh\/wordpress\/wp-json\/wp\/v2\/media?parent=2196"}],"wp:term":[{"taxonomy":"category","embeddable":true,"href":"https:\/\/profeel.bzh\/wordpress\/wp-json\/wp\/v2\/categories?post=2196"},{"taxonomy":"post_tag","embeddable":true,"href":"https:\/\/profeel.bzh\/wordpress\/wp-json\/wp\/v2\/tags?post=2196"}],"curies":[{"name":"wp","href":"https:\/\/api.w.org\/{rel}","templated":true}]}}