{"id":2140,"date":"2022-11-29T08:49:24","date_gmt":"2022-11-29T08:49:24","guid":{"rendered":"https:\/\/profeel.bzh\/wordpress\/?p=2140"},"modified":"2022-11-29T08:49:24","modified_gmt":"2022-11-29T08:49:24","slug":"ofaj-rencontre","status":"publish","type":"post","link":"https:\/\/profeel.bzh\/wordpress\/ofaj-rencontre\/","title":{"rendered":"Ofaj rencontre"},"content":{"rendered":"<p>Feb 27, 2015 Appel \u00e0 candidatures de lOffice franco-allemand pour la Jeunesse OFAJ pour un voyage d\u00e9tudesrencontre \u00e0 Berlin les 11 et 12 mai prochain Lassociation de d\u00e9veloppement \u00e9conomique Cr\u00e9ativ accompagne les entreprises de Bretagne dans leurs strat\u00e9gies dinnovation. Un accompagnement adapt\u00e9 aux Renseignez vous sur les Rencontres Interculturelles financ\u00e9es par lOFAJ. Vous \u00eates une professionnelle et vous vous int\u00e9ressez \u00e0 la mobilit\u00e9 internationale Le Pr\u00e9sident Josipovi\u0107 a re\u00e7u le 20 mai les membres de la d\u00e9l\u00e9gation de lOffice franco-allemand pour la Jeunesse. Photo: www Predsjednik. Hr Plus de 600 pi\u00e8ces c\u00e9l\u00e8brent les multiples facettes dAntoine de Saint-Exup\u00e9ry: \u00e9crivain, po\u00e8te, aviateur, explorateur, journaliste, inventeur, philosophe, Feb 17, 2022-Jun 26, 2022 Faites vivre lamiti\u00e9 franco-allemande dans lenseignement professionnel et organisez un \u00e9change pour vos jeunes avec un \u00e9tablissement partenaire et lOFAJ LOffice franco-allemand pour la jeunesse OFAJ est tenu de par ses statuts Art. Cette recherche doit dabord servir \u00e0 la rencontre franco-allemande Rencontre nationale cirque amiens. Rencontre bourg en bresse. Site de rencontre pour les 40 ans et plus. Rencontrer keny arkana Financez votre rencontre scolaire franco-allemande pour lh\u00e9bergement en tiers-lieu gr\u00e2ce \u00e0 lOFAJ et faites voyager vos \u00e9l\u00e8ves en France ou en Allemagne <img decoding=\"async\" src=\"https:\/\/static.wixstatic.com\/media\/ec0361_c7a5012b6617477fbff24dd1f9c36f22~mv2.png\/v1\/fill\/w_1000,h_500,al_c,usm_0.66_1.00_0.01\/ec0361_c7a5012b6617477fbff24dd1f9c36f22~mv2.png\" alt=\"ofaj rencontre\" align=\"right\"> Nov 11, 2016 SAVE THE DATE LOffice franco-allemand pour la Jeunesse OFAJ a le plaisir de vous informer quil organisera la Rencontre des r\u00e9seaux du Depuis sa cr\u00e9ation en 1963 par le trait\u00e9 de lElys\u00e9e, lOFAJ a permis \u00e0 pr\u00e8s de six millions de jeunes de France et dAllemagne de se rencontrer <img decoding=\"async\" src=\"https:\/\/sabinethillaye.fr\/wp\/wp-content\/uploads\/2019\/10\/EF9C3v0XYAMMxC6.jpg\" alt=\"ofaj rencontre\" align=\"right\"> Organisez un \u00e9change extrascolaire et permettez aux jeunes de France ou dAllemagne de d\u00e9couvrir le quotidien du partenaire en logeant chez lui Aug 28, 2021 Site De Rencontre Pour Cougars Zonhove Echanges Scolaires Ofaj. Site De Rencontre \u00c0 Ibadan Annonce Rencontre Sexe Nanc Stripper Pole <img decoding=\"async\" src=\"https:\/\/static.wixstatic.com\/media\/ec0361_c7a5012b6617477fbff24dd1f9c36f22~mv2.png\/v1\/fill\/w_1000,h_500,al_c,usm_0.66_1.00_0.01\/ec0361_c7a5012b6617477fbff24dd1f9c36f22~mv2.png\" alt=\"ofaj rencontre\" align=\"right\"> Dec 8, 2020 PROJET OFAJ: TRADITEAM Nous sommes heureux de vous annoncer notre nouveau projet Franco-allemand TRADITEAM 100 digital Feb 27, 2015 Appel \u00e0 candidatures de lOffice franco-allemand pour la Jeunesse OFAJ pour un voyage d\u00e9tudesrencontre \u00e0 Berlin les 11 et 12 mai prochain OFAJ: rencontre Franco-allemande \u00e0 Nancy 27102012. Depuis 30 ans, les f\u00e9d\u00e9rations fran\u00e7aises et allemandes entretiennent des relations privil\u00e9gi\u00e9es Le CFB organise des rencontres interculturelles de jeunes France, Pour lequel nous travaillons en \u00e9troite collaboration avec lOFAJ et ERASMUS.<\/p>\n","protected":false},"excerpt":{"rendered":"<p>Feb 27, 2015 Appel \u00e0 candidatures de lOffice franco-allemand pour la Jeunesse OFAJ pour un voyage d\u00e9tudesrencontre \u00e0 Berlin les 11 et 12 mai prochain Lassociation de d\u00e9veloppement \u00e9conomique Cr\u00e9ativ accompagne les entreprises de Bretagne dans leurs strat\u00e9gies dinnovation. Un accompagnement adapt\u00e9 aux Renseignez vous sur les Rencontres Interculturelles financ\u00e9es par lOFAJ. Vous \u00eates une [&hellip;]<\/p>\n","protected":false},"author":1,"featured_media":0,"comment_status":"closed","ping_status":"closed","sticky":false,"template":"","format":"standard","meta":{"footnotes":""},"categories":[],"tags":[],"class_list":["post-2140","post","type-post","status-publish","format-standard","hentry"],"_links":{"self":[{"href":"https:\/\/profeel.bzh\/wordpress\/wp-json\/wp\/v2\/posts\/2140","targetHints":{"allow":["GET"]}}],"collection":[{"href":"https:\/\/profeel.bzh\/wordpress\/wp-json\/wp\/v2\/posts"}],"about":[{"href":"https:\/\/profeel.bzh\/wordpress\/wp-json\/wp\/v2\/types\/post"}],"author":[{"embeddable":true,"href":"https:\/\/profeel.bzh\/wordpress\/wp-json\/wp\/v2\/users\/1"}],"replies":[{"embeddable":true,"href":"https:\/\/profeel.bzh\/wordpress\/wp-json\/wp\/v2\/comments?post=2140"}],"version-history":[{"count":0,"href":"https:\/\/profeel.bzh\/wordpress\/wp-json\/wp\/v2\/posts\/2140\/revisions"}],"wp:attachment":[{"href":"https:\/\/profeel.bzh\/wordpress\/wp-json\/wp\/v2\/media?parent=2140"}],"wp:term":[{"taxonomy":"category","embeddable":true,"href":"https:\/\/profeel.bzh\/wordpress\/wp-json\/wp\/v2\/categories?post=2140"},{"taxonomy":"post_tag","embeddable":true,"href":"https:\/\/profeel.bzh\/wordpress\/wp-json\/wp\/v2\/tags?post=2140"}],"curies":[{"name":"wp","href":"https:\/\/api.w.org\/{rel}","templated":true}]}}