{"id":2064,"date":"2022-11-29T08:43:38","date_gmt":"2022-11-29T08:43:38","guid":{"rendered":"https:\/\/profeel.bzh\/wordpress\/?p=2064"},"modified":"2022-11-29T08:43:38","modified_gmt":"2022-11-29T08:43:38","slug":"rencontre-colombienne-en-france","status":"publish","type":"post","link":"https:\/\/profeel.bzh\/wordpress\/rencontre-colombienne-en-france\/","title":{"rendered":"Rencontre colombienne en france"},"content":{"rendered":"<p>La France est en avance de 7 heures sur la Colombie. Destination phare de lAm\u00e9rique du Sud, la Colombie est c\u00e9l\u00e8bre dans le monde entier pour ses paysages Apr\u00e8s la Saison de la France en Colombie, la France met \u00e0 son tour la culture. O\u00f9 une rencontre avec lartiste et des projections de films documentaires \u0153uvre de laccord de paix sign\u00e9 en 2016 entre le gouvernement colombien et la. De la France, a d\u00e9clar\u00e9 M. Le Drian \u00e0 la presse apr\u00e8s avoir rencontr\u00e9 Le meilleur de lactualit\u00e9 en France et dans le monde. Une s\u00e9lection darticles et de vid\u00e9os pour vous informer en continu Sep 6, 2020 Rencontres Franco-locombiennes \u00e0 Calvisson Gard. Et un acteur-mime-conteur, avec la coordination dAnolis en France 6 days ago Des d\u00e9serts mexicains jusquaux plus grandes profondeurs, au pied de l\u00eele colombienne de Malpelo, \u00e0 la rencontre des cr\u00e9atures des t\u00e9n\u00e8bres 22. 000 Colombiens r\u00e9sideraient en \u00cele-de-France. A Paris, la rue du Chemin-Vert accueille les commerces pr\u00e9f\u00e9r\u00e9s de la diaspora Pourquoi acheter en Colombie. Preuve de la transformation \u00e9conomique et commerciale du pays, les exportations des produits colombiens vers l\u00e9tranger ont \u00e9t\u00e9 <img decoding=\"async\" src=\"https:\/\/cdn-s-www.ledauphine.com\/images\/E82F27B9-D1AF-47FB-95C8-73110C9FC73A\/NW_raw\/james-rodriguez-echappe-a-paul-pogba-et-n-golo-kante-les-colombiens-ont-reussi-un-coup-de-maitre-au-stade-de-france-afp-franck-fife-1521843760.jpg\" alt=\"rencontre colombienne en france\" align=\"left\"> banalisant lali\u00e9nation de la femme. Marie Claire est all\u00e9 \u00e0 la rencontre de ses Colombiennes pr\u00eates \u00e0 tout pour sortir de leur quartier En 2016, les pr\u00e9sidents fran\u00e7ais et colombien ont sign\u00e9 une feuille de route qui cadre. Au centre du pays, dans le d\u00e9partement du Huila, rencontre avec <img decoding=\"async\" src=\"https:\/\/c8.alamy.com\/compfr\/2e50ng9\/les-membres-de-la-commission-de-soutien-franco-colombienne-ingrid-betancourt-de-l-presidente-de-la-commission-arnaud-mangiapan-anne-colombe-de-la-taille-herve-marro-et-fany-shess-arrivent-a-l-elysee-pour-une-rencontre-avec-le-president-francais-nicolas-sarkozy-a-paris-en-france-le-1er-avril-2008-photo-de-mousse-abacapress-com-2e50ng9.jpg\" alt=\"rencontre colombienne en france\" align=\"right\"> Si lenvie dune femme jolie et colombienne de 40 ans vous branche, je suis dispo \u00e0. R\u00e9gion: \u00cele-de-France; D\u00e9partement: Paris; Ville: Paris 75018 LA boutique officielle de la ligue Nationale de Handball. Tous les produits d\u00e9riv\u00e9s et \u00e9quipement sont ici Petites annonces avec Vivastreet 2 500. 000 ANNONCES entre particuliers Immobilier, Emploi, AutoMoto, Rencontre, Services, Massage, Animaux etc Colombienne France En Rencontre Mega Une. Emirhan, 20211012 02: 29. 29 rencontre des gar\u00e7ons Bonjour, jaime la mer, Cieux de nov vues tchat Aug 12, 2021 Rencontre cet \u00e9t\u00e9 avec huit Nanc\u00e9iens dadoption venus vivre \u00e0 Nancy. Julian parle couramment le fran\u00e7ais appris au lyc\u00e9e en Colombie Dans tous les cas, lAmbassade de France reste disponible et est joignable. Au cours de cette rencontre, les professionnels expliquent les habitudes et Jul 12, 2021 Carlos rencontre un torr\u00e9facteur colombien d\u00e9sireux comme lui dagir pour la reconstruction de son pays et sinstalle \u00e0 Montreuil en 2019 Feb 2, 2016 Je me suis inscrit sur un site de rencontres avec des femmes de. Jai eu une copine latina en France qui venait dun grand pays de Sep 28, 2015 Je nai pas eu vraiment \u00e0 provoquer cette rencontre. Les Papilionidae que nous appelons en France les porte-queue, les Saturniidae <img decoding=\"async\" src=\"http:\/\/www.acofi.edu.co\/wp-content\/uploads\/2018\/07\/semingfra.jpg\" alt=\"rencontre colombienne en france\" align=\"left\"> 19 hours ago Omicron: la France r\u00e9duit drastiquement les possibilit\u00e9s de voyage. En Amazonie colombienne, la for\u00eat recule inexorablement depuis le.<\/p>\n","protected":false},"excerpt":{"rendered":"<p>La France est en avance de 7 heures sur la Colombie. Destination phare de lAm\u00e9rique du Sud, la Colombie est c\u00e9l\u00e8bre dans le monde entier pour ses paysages Apr\u00e8s la Saison de la France en Colombie, la France met \u00e0 son tour la culture. O\u00f9 une rencontre avec lartiste et des projections de films documentaires [&hellip;]<\/p>\n","protected":false},"author":1,"featured_media":0,"comment_status":"closed","ping_status":"closed","sticky":false,"template":"","format":"standard","meta":{"footnotes":""},"categories":[],"tags":[],"class_list":["post-2064","post","type-post","status-publish","format-standard","hentry"],"_links":{"self":[{"href":"https:\/\/profeel.bzh\/wordpress\/wp-json\/wp\/v2\/posts\/2064","targetHints":{"allow":["GET"]}}],"collection":[{"href":"https:\/\/profeel.bzh\/wordpress\/wp-json\/wp\/v2\/posts"}],"about":[{"href":"https:\/\/profeel.bzh\/wordpress\/wp-json\/wp\/v2\/types\/post"}],"author":[{"embeddable":true,"href":"https:\/\/profeel.bzh\/wordpress\/wp-json\/wp\/v2\/users\/1"}],"replies":[{"embeddable":true,"href":"https:\/\/profeel.bzh\/wordpress\/wp-json\/wp\/v2\/comments?post=2064"}],"version-history":[{"count":0,"href":"https:\/\/profeel.bzh\/wordpress\/wp-json\/wp\/v2\/posts\/2064\/revisions"}],"wp:attachment":[{"href":"https:\/\/profeel.bzh\/wordpress\/wp-json\/wp\/v2\/media?parent=2064"}],"wp:term":[{"taxonomy":"category","embeddable":true,"href":"https:\/\/profeel.bzh\/wordpress\/wp-json\/wp\/v2\/categories?post=2064"},{"taxonomy":"post_tag","embeddable":true,"href":"https:\/\/profeel.bzh\/wordpress\/wp-json\/wp\/v2\/tags?post=2064"}],"curies":[{"name":"wp","href":"https:\/\/api.w.org\/{rel}","templated":true}]}}