{"id":2063,"date":"2022-11-29T08:43:34","date_gmt":"2022-11-29T08:43:34","guid":{"rendered":"https:\/\/profeel.bzh\/wordpress\/?p=2063"},"modified":"2022-11-29T08:43:34","modified_gmt":"2022-11-29T08:43:34","slug":"uoif-rencontre-des-musulmans-de-france","status":"publish","type":"post","link":"https:\/\/profeel.bzh\/wordpress\/uoif-rencontre-des-musulmans-de-france\/","title":{"rendered":"Uoif rencontre des musulmans de france"},"content":{"rendered":"<p>Apr 21, 2014 La rencontre annuelle des musulmans de France au Bourget 2014 aura lieu du 18 au 21 Avril au. Le programme de la rencontre UOIF 2014 ICI <img decoding=\"async\" src=\"https:\/\/images.rtl.fr\/~c\/770v513\/rtl\/www\/1045914-reunion-annuelle-de-l-uoif-le-4-avril-2010-archives.jpg\" alt=\"uoif rencontre des musulmans de france\" align=\"left\"> Apr 14, 2017 LUOIF a justement programm\u00e9 au Bourget un d\u00e9bat sur l\u00e9lection pr\u00e9sidentielle, samedi apr\u00e8s-midi, intitul\u00e9: pour qui voter. Mais, a pr\u00e9venu Seine-Saint-Denis. Selon le journaliste Xavier Ternisien Le programme du week-end refl\u00e8te la volont\u00e9 de lUOIF de ne pas offrir une image de radicalisme Oct 26, 2019 Plus de 2 000 musulmans attendus demain pour la Rencontre annuelle des musulmans. Affili\u00e9 \u00e0 Musulmans de France nouveau nom de lUOIF <img decoding=\"async\" src=\"http:\/\/archive.francesoir.fr\/sites\/default\/files\/imagecache\/article_image\/uoif_0.jpg\" alt=\"uoif rencontre des musulmans de france\" align=\"center\"> Apr 8, 2012 \u00c0 deux semaines du premier tour, la plus grosse rencontre annuelle des musulmans de France se tient au Bourget. Dans une tension certaine Le Dr Dalil Boubakeur \u00e0 la rencontre annuelle des musulmans de France organis\u00e9e par lUOIF. 5 avril 2015 13 h 16 min; Communiqu\u00e9sSlide; 3. 7K Apr 6, 2012 LUnion des organisations islamiques de France UOIF tient du 6 au 9 avril sa 29\u00e8me rencontre annuelle des musulmans de France au Bourget Feb 7, 2016 RELIGION-La rencontre pr\u00e9vue dimanche 7 f\u00e9vrier \u00e0 Lille par lUnion des organisations islamiques de France UOIF se tient finalement sans Apr 10, 2018 La Rencontre Annuelle des Musulmans de France RAMF a eu lieu du 30. LUOIF s\u00e9tant rebaptis\u00e9e Musulmans de France dans son projet de <img decoding=\"async\" src=\"https:\/\/static.lpnt.fr\/images\/2015\/11\/20\/2538168lpw-2538171-article-islam-jpg_3170968_660x281.jpg\" alt=\"uoif rencontre des musulmans de france\" align=\"center\"> Feb 3, 2016. Islamique du Nord en partenariat avec lUnion des organisations islamiques de France UOIF, structure proche des Fr\u00e8res musulmans le recteur de la Grande mosqu\u00e9e de Paris, \u00e0 lombre des Fr\u00e8res musulmans. Pla\u00e7ant les islamistes au foyer du mal nomm\u00e9 islam de France. \ufe0f La 30e Rencontre annuelle des musulmans de France a eu lieu du 29 mars au 1 er avril et rassemble Conf\u00e9renciers May 14, 2016. La rencontre des musulmans de France organis\u00e9e par lUOIF. Par lUnion des organisations islamiques de France UOIF, au Bourget Merci \u00e0 Ohm. Source Odysee COMPL\u00c9MENT Linterview du Dr Malone par France-Soir en juillet 2021 Source France-Soir Robert Malone, biologiste mol\u00e9culaire Apr 7, 2015 Sous l\u00e9gide de lUnion des organisations islamiques de France UOIF, proche des Fr\u00e8res musulmans, hommes et femmes de confession musulmane se Rencontre amoureuse poeme rencontre celibataire ucpa prostitute tribes of india. Rencontre annuelle des musulmans de france 2013 uoif Apr 4, 2015 LUnion des organisations islamiques de France UOIF organise du 3 au 6 avril la 32e Foire musulmane au Bourget. Son pr\u00e9sident, Amar Lasfar Jul 27, 2016 Du jamais vu en terre de France ni m\u00eame sur la plan\u00e8te. Il jouit toujours du statut de musulman mod\u00e9r\u00e9, face aux int\u00e9gristes de lUOIF Apr 25, 2019 Discours de cl\u00f4ture de la RAMF 2019 par Amar Lasfar, pr\u00e9sident de Musulmans de France UOIF. La Rencontre annuelle des musulmans de Et des Libert\u00e9s locales pour la 22\u00e8me rencontre annuelle des musulmans de France UOIF 29. 03. 2005-Message du Ministre pour la 22 rencontre annuelle MUSULMANS DE FRANCE MF est une f\u00e9d\u00e9ration association type loi 1901 regroupant 600 associations musulmanes membres et coop\u00e9rantes r\u00e9parties sur tout le By S Amghar 2003 Cited by 6 Des dizaines de milliers de musulmans de toute la France et de toute lEurope. LUnion des Organisations Islamiques de France lUOIF, lui permettant May 18, 2002 Musulmans en Occident: lislam de France cherche sa voie la. Islamiques de France UOIF organisatrices de la rencontre et Apr 13, 2017 La 34e \u00e9dition de la Rencontre annuelle des musulmans de France RAMF a. Indique lUOIF Union des organisations islamiques de France Apr 4, 2018 La 35e Rencontre annuelle des Musulmans de France sest tenue du 30 mars. Lex-Union des organisations islamiques de France UOIF avait.<\/p>\n","protected":false},"excerpt":{"rendered":"<p>Apr 21, 2014 La rencontre annuelle des musulmans de France au Bourget 2014 aura lieu du 18 au 21 Avril au. Le programme de la rencontre UOIF 2014 ICI Apr 14, 2017 LUOIF a justement programm\u00e9 au Bourget un d\u00e9bat sur l\u00e9lection pr\u00e9sidentielle, samedi apr\u00e8s-midi, intitul\u00e9: pour qui voter. Mais, a pr\u00e9venu Seine-Saint-Denis. Selon le [&hellip;]<\/p>\n","protected":false},"author":1,"featured_media":0,"comment_status":"closed","ping_status":"closed","sticky":false,"template":"","format":"standard","meta":{"footnotes":""},"categories":[],"tags":[],"class_list":["post-2063","post","type-post","status-publish","format-standard","hentry"],"_links":{"self":[{"href":"https:\/\/profeel.bzh\/wordpress\/wp-json\/wp\/v2\/posts\/2063","targetHints":{"allow":["GET"]}}],"collection":[{"href":"https:\/\/profeel.bzh\/wordpress\/wp-json\/wp\/v2\/posts"}],"about":[{"href":"https:\/\/profeel.bzh\/wordpress\/wp-json\/wp\/v2\/types\/post"}],"author":[{"embeddable":true,"href":"https:\/\/profeel.bzh\/wordpress\/wp-json\/wp\/v2\/users\/1"}],"replies":[{"embeddable":true,"href":"https:\/\/profeel.bzh\/wordpress\/wp-json\/wp\/v2\/comments?post=2063"}],"version-history":[{"count":0,"href":"https:\/\/profeel.bzh\/wordpress\/wp-json\/wp\/v2\/posts\/2063\/revisions"}],"wp:attachment":[{"href":"https:\/\/profeel.bzh\/wordpress\/wp-json\/wp\/v2\/media?parent=2063"}],"wp:term":[{"taxonomy":"category","embeddable":true,"href":"https:\/\/profeel.bzh\/wordpress\/wp-json\/wp\/v2\/categories?post=2063"},{"taxonomy":"post_tag","embeddable":true,"href":"https:\/\/profeel.bzh\/wordpress\/wp-json\/wp\/v2\/tags?post=2063"}],"curies":[{"name":"wp","href":"https:\/\/api.w.org\/{rel}","templated":true}]}}