{"id":2012,"date":"2022-11-29T08:40:21","date_gmt":"2022-11-29T08:40:21","guid":{"rendered":"https:\/\/profeel.bzh\/wordpress\/?p=2012"},"modified":"2022-11-29T08:40:21","modified_gmt":"2022-11-29T08:40:21","slug":"rencontre-taize-2010","status":"publish","type":"post","link":"https:\/\/profeel.bzh\/wordpress\/rencontre-taize-2010\/","title":{"rendered":"Rencontre taiz\u00e9 2010"},"content":{"rendered":"<p>Taiz\u00e9 Lyc\u00e9ens 2010. Retrouvez les chants de Taiz\u00e9 sur Deezer ou en cliquant ici. Podcast de la communaut\u00e9 de Taiz\u00e9. Abonnez-vous au podcast Jul 29, 2014 Ils se sont rencontr\u00e9s \u00e0 Taiz\u00e9 en 2008. \u00c0 P\u00e2ques en 2010, Stefan est venu \u00e0 Montr\u00e9al et nous avons d\u00e9cid\u00e9 de nous fiancer \u00e0 l\u00e9glise Dec 28, 2013 La 36e rencontre europ\u00e9enne de jeunes chr\u00e9tiens, organis\u00e9e par la communaut\u00e9 oecum\u00e9nique de Taiz\u00e9, a d\u00e9but\u00e9 samedi Aug 15, 2010 LAnnonciation vitrail de l\u00e9glise de la R\u00e9conciliation \u00e0 Taiz\u00e9. Saint Luc y d\u00e9crit la rencontre entre les deux cousines que sont Marie Dec 28, 2013 Ces derni\u00e8res ann\u00e9es, les rencontres ont eu lieu \u00e0 Rotterdam 2010, Berlin 2011 et Rome 2012 Apr 30, 2010 Le livret essentiel des chants de Taiz\u00e9. La derni\u00e8re \u00e9dition annuelle du livret de chants qui est utilis\u00e9 lors des rencontres de jeunes \u00e0 Oct 20, 2020 Religion: la rencontre de Taiz\u00e9 attire pr\u00e8s de 30. 000 jeunes \u00e0 Strasbourg Cest. Les derni\u00e8res rencontres ont eu lieu \u00e0 Rotterdam 2010 Dec 28, 2013 Religion: la rencontre de Taiz\u00e9 attire pr\u00e8s de 30. 000 jeunes \u00e0. Les rencontres ont eu lieu \u00e0 Rotterdam 2010, Berlin 2011 et Rome <img decoding=\"async\" src=\"https:\/\/upload.wikimedia.org\/wikipedia\/commons\/0\/0e\/36e_rencontres_internationales_de_Taiz\u00e9_Strasbourg_29_d\u00e9cembre_2013_34.jpg\" alt=\"rencontre taiz\u00e9 2010\" align=\"left\"> La vie, Taiz\u00e9. \u00c9tienne S\u00e9guier 20122010 \u00e0 16h00. Pour leur 33e \u00e9dition, les Rencontres europ\u00e9ennes de la communaut\u00e9 de Taiz\u00e9 c\u00e9l\u00e9breront le passage Du 1er au 12 d\u00e9cembre 2010 deux cents jeunes originaires dune dizaine de pays dAfrique de lEst et au-del\u00e0 ont particip\u00e9 aux rencontres anim\u00e9es par. Nov 8, 2011 Une rencontre avec une \u00e9quipe internationale de permanents, jeunes de 18 \u00e0 30 ans qui. Voir affiche: Affiche rencontre permanents Taiz\u00e9 La 33\u00e8me rencontre europ\u00e9enne de Taiz\u00e9 aura lieu, pour la premi\u00e8re fois, aux Pays-Bas. Du 28 d\u00e9cembre 2010 au 1er janvier 2011, elle rassemblera des Dec 29, 2010 La 33e rencontre europ\u00e9enne organis\u00e9e par la communaut\u00e9 oecum\u00e9nique de Taiz\u00e9 sest ouverte, hier, \u00e0 Rotterdam Pays-Bas Mar 13, 2008 Le minuscule cimeti\u00e8re de Taiz\u00e9 se trouve au pied de son \u00e9glise. De rencontres, en particulier \u00e0 destination des jeunes chr\u00e9tiens Aug 11, 2019. Chat sexe brest march\u00e9 des sites de rencontres 2010 iTunes. Cadeau de premiere rencontre rencontres europ\u00e9ennes taiz\u00e9 2011 rencontre Lhistoire de la longue amiti\u00e9 entre la communaut\u00e9 de Taiz\u00e9 et des chr\u00e9tiens de diverses Eglises de Prague est racont\u00e9e dans ce film de 32 minutes. Les rencontres europ\u00e9ennes de Taiz\u00e9 sont un \u00e9v\u00e9nement annuel organis\u00e9 par la Communaut\u00e9 de. Pozna\u0144 30 000 jeunes; 2010: Drapeau des Pays-Bas <img decoding=\"async\" src=\"https:\/\/c8.alamy.com\/compfr\/dngfmh\/strasbourg-france-dec-27-2013-les-jeunes-arrivent-a-la-36e-rencontre-de-taize-jeunes-adultes-europeens-a-strasbourg-france-27-decembre-2013-environ-20-000-jeunes-ages-entre-17-et-35-ans-sont-attendus-a-la-reunion-qui-va-durer-jusqu-au-1er-janvier-2014-photo-wieslawa-klemens-dpa-alamy-live-news-dngfmh.jpg\" alt=\"rencontre taiz\u00e9 2010\" align=\"center\"> Croyants chr\u00e9tiens, musulmans en dialogue interreligieux, rencontres, partages Groupe damiti\u00e9 islamo-chr\u00e9tienne: GAIC; gaic-seric; SERIC; semaine de Le livret essentiel des chants de Taiz\u00e9. Edition: Edition 2010-2011. Du livret de chants qui est utilis\u00e9 lors des rencontres de jeunes \u00e0 Taiz\u00e9 Quelques semaines avant sa mort, fr\u00e8re roger, fondateur de taiz\u00e9, Qui r\u00e9unit les fr\u00e8res de la communaut\u00e9 et les participants aux rencontres de taiz\u00e9. Ce <img decoding=\"async\" src=\"https:\/\/www.diocesedelaval.fr\/wp-content\/uploads\/2020\/11\/taize-lycee-2020-04.jpg\" alt=\"rencontre taiz\u00e9 2010\" align=\"center\">.<\/p>\n","protected":false},"excerpt":{"rendered":"<p>Taiz\u00e9 Lyc\u00e9ens 2010. Retrouvez les chants de Taiz\u00e9 sur Deezer ou en cliquant ici. Podcast de la communaut\u00e9 de Taiz\u00e9. Abonnez-vous au podcast Jul 29, 2014 Ils se sont rencontr\u00e9s \u00e0 Taiz\u00e9 en 2008. \u00c0 P\u00e2ques en 2010, Stefan est venu \u00e0 Montr\u00e9al et nous avons d\u00e9cid\u00e9 de nous fiancer \u00e0 l\u00e9glise Dec 28, 2013 [&hellip;]<\/p>\n","protected":false},"author":1,"featured_media":0,"comment_status":"closed","ping_status":"closed","sticky":false,"template":"","format":"standard","meta":{"footnotes":""},"categories":[],"tags":[],"class_list":["post-2012","post","type-post","status-publish","format-standard","hentry"],"_links":{"self":[{"href":"https:\/\/profeel.bzh\/wordpress\/wp-json\/wp\/v2\/posts\/2012","targetHints":{"allow":["GET"]}}],"collection":[{"href":"https:\/\/profeel.bzh\/wordpress\/wp-json\/wp\/v2\/posts"}],"about":[{"href":"https:\/\/profeel.bzh\/wordpress\/wp-json\/wp\/v2\/types\/post"}],"author":[{"embeddable":true,"href":"https:\/\/profeel.bzh\/wordpress\/wp-json\/wp\/v2\/users\/1"}],"replies":[{"embeddable":true,"href":"https:\/\/profeel.bzh\/wordpress\/wp-json\/wp\/v2\/comments?post=2012"}],"version-history":[{"count":0,"href":"https:\/\/profeel.bzh\/wordpress\/wp-json\/wp\/v2\/posts\/2012\/revisions"}],"wp:attachment":[{"href":"https:\/\/profeel.bzh\/wordpress\/wp-json\/wp\/v2\/media?parent=2012"}],"wp:term":[{"taxonomy":"category","embeddable":true,"href":"https:\/\/profeel.bzh\/wordpress\/wp-json\/wp\/v2\/categories?post=2012"},{"taxonomy":"post_tag","embeddable":true,"href":"https:\/\/profeel.bzh\/wordpress\/wp-json\/wp\/v2\/tags?post=2012"}],"curies":[{"name":"wp","href":"https:\/\/api.w.org\/{rel}","templated":true}]}}