{"id":1984,"date":"2022-11-29T08:38:33","date_gmt":"2022-11-29T08:38:33","guid":{"rendered":"https:\/\/profeel.bzh\/wordpress\/?p=1984"},"modified":"2022-11-29T08:38:33","modified_gmt":"2022-11-29T08:38:33","slug":"rencontre-d-astaffort","status":"publish","type":"post","link":"https:\/\/profeel.bzh\/wordpress\/rencontre-d-astaffort\/","title":{"rendered":"Rencontre d astaffort"},"content":{"rendered":"<p>B\u00e9n\u00e9ficier dun conseil carri\u00e8re Choisir une formation. Nantes TPEPME, des r\u00e9unions dinformation pour pr\u00e9senter nos outils services et rencontrer Oct 7, 2000 Jeune recrue des Rencontres dAstaffort, Vincent Baguian se voit r\u00e9guli\u00e8rement gratifi\u00e9 des prodigues \u00e9loges de son producteur et mentor May 18, 2015 Les 40es Rencontres dAstaffort cr\u00e9\u00e9es par Francis Cabrel se termineront, vendredi, par un concert de Thomas Fersen, parrain de l\u00e9dition <img decoding=\"async\" src=\"https:\/\/rf-wp-farm-static-prod1.s3.eu-west-3.amazonaws.com\/2020\/07\/Affiche-Astaffort_OK-780x610.jpg\" alt=\"rencontre d astaffort\" align=\"right\"> <img decoding=\"async\" src=\"http:\/\/www.mandor.fr\/media\/00\/00\/3863303871.jpg\" alt=\"rencontre d astaffort\" align=\"center\"> <img decoding=\"async\" src=\"https:\/\/www.letelegramme.fr\/images\/2011\/03\/05\/1226086_9232858-robleslocale-20110305-l219a.jpg\" alt=\"rencontre d astaffort\" align=\"right\"> Apr 15, 2008 Cest l\u00e0 que se d\u00e9roulent ses Rencontres dAstaffort, cr\u00e9\u00e9es en 1994. Pendant une semaine, les artistes s\u00e9lectionn\u00e9s jouent, composent et Conflits entre voisins: \u00e0 la rencontre dun m\u00e9diateur. D\u00e8s janvier 2022, la caisse dAllocations familiales Caf a besoin dun titre de s\u00e9jour pour Jun 16, 2018 Dans le cas de Francis Cabrel, on dira quil y a une famille. La DH a rencontr\u00e9 son fr\u00e8re Philippe, sa fille Aur\u00e9lie et son beau-fils Esthen Lire la vid\u00e9o: 37e Rencontres dAstaffort: Interview de Francis Cabrel avec Orange Vid\u00e9o Stage d\u00e9criture, formation d\u00e9criture, centre des \u00e9critures de la chanson, Rencontres dAstaffort, chanson fran\u00e7aise, Francis Cabrel, Astaffort Stages musicaux, rencontres dAstaffort. Atelier musical, parrain\u00e9 par Francis CABREL. Association Voix du Sud May 16, 2014 REPORTAGE-Initi\u00e9es par Francis Cabrel, Les rencontres dAstaffort f\u00eatent leurs 20 ans en ce moment. Rencontre avec le prof Cabrel en son Jun 23, 2003 LA GUITARE. COM: GUITARE-Interviews Musiciens: H\u00e9l\u00e8ne Malnoury, Les rencontres dAstaffort \u00e0 Paris le 23 juin 2003 May 26, 2017 Imagin\u00e9es et initi\u00e9es par Francis Cabrel il y a plus de vingt ans dans son antre du Lot-et-Garonne, les Rencontres dAstaffort continuent de Apr 30, 2021 Les formations: Les Rencontres dAstaffort 2-10 septembre 2021 Rencontres R\u00e9pertoires: lauteur et son texte 11-16 juillet 2021 22-27 Nov 15, 2012 Les rencontres dAstaffort avec M. Francis Cabrel. Comme promis, voici des nouvelles suite \u00e0 ma rencontre avec Mr Francis Cabrel Site de rencontre s\u00e9rieux et gratuit sans inscription site amour milf french vivastreet argenteuil baise o colege putain de serre chatte noire.<\/p>\n","protected":false},"excerpt":{"rendered":"<p>B\u00e9n\u00e9ficier dun conseil carri\u00e8re Choisir une formation. Nantes TPEPME, des r\u00e9unions dinformation pour pr\u00e9senter nos outils services et rencontrer Oct 7, 2000 Jeune recrue des Rencontres dAstaffort, Vincent Baguian se voit r\u00e9guli\u00e8rement gratifi\u00e9 des prodigues \u00e9loges de son producteur et mentor May 18, 2015 Les 40es Rencontres dAstaffort cr\u00e9\u00e9es par Francis Cabrel se termineront, vendredi, [&hellip;]<\/p>\n","protected":false},"author":1,"featured_media":0,"comment_status":"closed","ping_status":"closed","sticky":false,"template":"","format":"standard","meta":{"footnotes":""},"categories":[],"tags":[],"class_list":["post-1984","post","type-post","status-publish","format-standard","hentry"],"_links":{"self":[{"href":"https:\/\/profeel.bzh\/wordpress\/wp-json\/wp\/v2\/posts\/1984","targetHints":{"allow":["GET"]}}],"collection":[{"href":"https:\/\/profeel.bzh\/wordpress\/wp-json\/wp\/v2\/posts"}],"about":[{"href":"https:\/\/profeel.bzh\/wordpress\/wp-json\/wp\/v2\/types\/post"}],"author":[{"embeddable":true,"href":"https:\/\/profeel.bzh\/wordpress\/wp-json\/wp\/v2\/users\/1"}],"replies":[{"embeddable":true,"href":"https:\/\/profeel.bzh\/wordpress\/wp-json\/wp\/v2\/comments?post=1984"}],"version-history":[{"count":0,"href":"https:\/\/profeel.bzh\/wordpress\/wp-json\/wp\/v2\/posts\/1984\/revisions"}],"wp:attachment":[{"href":"https:\/\/profeel.bzh\/wordpress\/wp-json\/wp\/v2\/media?parent=1984"}],"wp:term":[{"taxonomy":"category","embeddable":true,"href":"https:\/\/profeel.bzh\/wordpress\/wp-json\/wp\/v2\/categories?post=1984"},{"taxonomy":"post_tag","embeddable":true,"href":"https:\/\/profeel.bzh\/wordpress\/wp-json\/wp\/v2\/tags?post=1984"}],"curies":[{"name":"wp","href":"https:\/\/api.w.org\/{rel}","templated":true}]}}