{"id":1868,"date":"2022-11-29T08:29:23","date_gmt":"2022-11-29T08:29:23","guid":{"rendered":"https:\/\/profeel.bzh\/wordpress\/?p=1868"},"modified":"2022-11-29T08:29:23","modified_gmt":"2022-11-29T08:29:23","slug":"rencontre-avec-kim-kardashian","status":"publish","type":"post","link":"https:\/\/profeel.bzh\/wordpress\/rencontre-avec-kim-kardashian\/","title":{"rendered":"Rencontre avec kim kardashian"},"content":{"rendered":"<p>Selon les rumeurs, Kim Kardashian West sortirait avec Van Jones. Mais voici comment ce bavardage a un impact sur sa vie amoureuse <img decoding=\"async\" src=\"https:\/\/resize-elle.ladmedia.fr\/r\/625,forcex\/crop\/625,804,center-middle,forcex,ffffff\/img\/var\/plain_site\/storage\/images\/people\/la-vie-des-people\/news\/kanye-west-et-kim-kardashian-le-debut-d-une-love-story-1981050\/21016166-1-fre-FR\/Kanye-West-et-Kim-Kardashian-le-debut-d-une-love-story.jpg\" alt=\"rencontre avec kim kardashian\" align=\"center\"> Feb 13, 2021 Kim Kardashian et Kanye West, le c\u00e9l\u00e8bre couple de milliardaires am\u00e9ricains, La rencontre avec Kanye, le rappeur provocant 4 days ago SARGAL-VIVIANE CHIDID RACONTE SES SOUVENIRS AVEC SON P\u00c8RE, SA RENCONTRE AVEC YOUSSOU NDOUR Pape Diouf-Stronger Together Video Officiel 4 days ago La vedette de t\u00e9l\u00e9r\u00e9alit\u00e9 Kim Kardashian a r\u00e9ussi, Elle avait notamment rencontr\u00e9 \u00e0 ce sujet lancien pr\u00e9sident Donald Trump \u00e0 la <img decoding=\"async\" src=\"https:\/\/news-24.fr\/wp-content\/uploads\/2022\/04\/Kardashian-Davidson-Getty.jpg\" alt=\"rencontre avec kim kardashian\" align=\"right\"> Oct 2, 2020 Kim Kardashian, sa rencontre avec Nabilla dans les Anges de la t\u00e9l\u00e9r\u00e9alit\u00e9. RAPRNB Sorry, you have been blocked You are unable to access Pierre Davidson a partag\u00e9 ses premiers briseurs daccord de rendez-vous au milieu des rumeurs dune romance avec Kim Kardashian. Le com\u00e9dien, 28 ans, a Aujourdhui dans le zapping quotidien de Closer. Fr: Nabilla fond en larmes lors de sa rencontre avec Kim 4 days ago Kim Kardashian en 2019 \u00e0 la Maison Blanche avec lancien pr\u00e9sident. Elle avait notamment rencontr\u00e9 \u00e0 ce sujet lancien pr\u00e9sident Donald Extrait \ufe0f 4m21s-Aujourdhui dans le Petit Q on d\u00e9briefe la visite de Kim Kardashian dans le bureau ovale et Petits commerces et grandes surfaces: tous ensemble. 66: Kim Kardashian: les confidences du papy braqueur Covid: comment retrouver lodorat <img decoding=\"async\" src=\"https:\/\/www.grazia.fr\/wp-content\/uploads\/grazia\/2020\/04\/kim-kardashian-genereuse.jpeg\" alt=\"rencontre avec kim kardashian\" align=\"right\"> May 30, 2017 Kim Kardashian prend la d\u00e9fense de son \u00e9poux, et tente tant bien que mal de justifier lentrevue quil s\u00e9tait offert avec Donald Trump lan May 31, 2018 Dapr\u00e8s plusieurs m\u00e9dias, Kim Kardashian a aussi rencontr\u00e9 Jared. Sur cette rencontre Trump-Kardashian, notamment avec des clins doeil May 31, 2018 Super rencontre avec KimKardashian aujourdhui, nous avons parl\u00e9 r\u00e9forme carc\u00e9rale et condamnations, a tweet\u00e9 le pr\u00e9sident am\u00e9ricain en May 31, 2018 Donald Trump, tout sourire, assis dans le Bureau ovale aux c\u00f4t\u00e9s de la star de t\u00e9l\u00e9r\u00e9alit\u00e9 et business woman Kim Kardashian Jun 7, 2021 Le couple sest s\u00e9par\u00e9 en 2010. Kim a eu une relation avec le receveur des Cowboys de Dallas, Miles Austin, avant de rencontrer le joueur des la p\u00e9tillante brune rencontre son idole Kim Kardashian. Interview\u00e9e pour 50 min Inside, Nabilla est revenue Jun 3, 2018 Kim Kardashian West a rencontr\u00e9 Donald Trump \u00e0 la Maison Blanche. Isabelle Alonso est \u00e9crivaine et chroniqueuse hispano-fran\u00e7aise Tous les extraits et \u00e9missions de Touche pas \u00e0 mon poste sont \u00e0. Eric Naulleau raconte sa rencontre avec Feb 25, 2013 Quand Nabilla rencontre Kim Kardashian, cest la crise de larmes assur\u00e9e. La starlette de t\u00e9l\u00e9-r\u00e9alit\u00e9 est la marraine de la cinqui\u00e8me Kim Kardashian \u00e9tait hier, lundi 25 mai 2015, dans l\u00e9mission Live with Kelly Michael. Une occasion de revenir sur un changement bouleversant pour la Kimberly Kardashian West, n\u00e9e le 21 octobre 1980 \u00e0 Los Angeles Californie, est une personnalit\u00e9 m\u00e9diatique, femme daffaires, productrice, styliste et Feb 12, 2021 39-Kim Kardashian et Kanye West. La maman de North a \u00e9galement ajout\u00e9 avoir fait la rencontre de la m\u00e8re de Kanye West cette soir\u00e9e-l\u00e0.<\/p>\n","protected":false},"excerpt":{"rendered":"<p>Selon les rumeurs, Kim Kardashian West sortirait avec Van Jones. Mais voici comment ce bavardage a un impact sur sa vie amoureuse Feb 13, 2021 Kim Kardashian et Kanye West, le c\u00e9l\u00e8bre couple de milliardaires am\u00e9ricains, La rencontre avec Kanye, le rappeur provocant 4 days ago SARGAL-VIVIANE CHIDID RACONTE SES SOUVENIRS AVEC SON P\u00c8RE, SA [&hellip;]<\/p>\n","protected":false},"author":1,"featured_media":0,"comment_status":"closed","ping_status":"closed","sticky":false,"template":"","format":"standard","meta":{"footnotes":""},"categories":[],"tags":[],"class_list":["post-1868","post","type-post","status-publish","format-standard","hentry"],"_links":{"self":[{"href":"https:\/\/profeel.bzh\/wordpress\/wp-json\/wp\/v2\/posts\/1868","targetHints":{"allow":["GET"]}}],"collection":[{"href":"https:\/\/profeel.bzh\/wordpress\/wp-json\/wp\/v2\/posts"}],"about":[{"href":"https:\/\/profeel.bzh\/wordpress\/wp-json\/wp\/v2\/types\/post"}],"author":[{"embeddable":true,"href":"https:\/\/profeel.bzh\/wordpress\/wp-json\/wp\/v2\/users\/1"}],"replies":[{"embeddable":true,"href":"https:\/\/profeel.bzh\/wordpress\/wp-json\/wp\/v2\/comments?post=1868"}],"version-history":[{"count":0,"href":"https:\/\/profeel.bzh\/wordpress\/wp-json\/wp\/v2\/posts\/1868\/revisions"}],"wp:attachment":[{"href":"https:\/\/profeel.bzh\/wordpress\/wp-json\/wp\/v2\/media?parent=1868"}],"wp:term":[{"taxonomy":"category","embeddable":true,"href":"https:\/\/profeel.bzh\/wordpress\/wp-json\/wp\/v2\/categories?post=1868"},{"taxonomy":"post_tag","embeddable":true,"href":"https:\/\/profeel.bzh\/wordpress\/wp-json\/wp\/v2\/tags?post=1868"}],"curies":[{"name":"wp","href":"https:\/\/api.w.org\/{rel}","templated":true}]}}