{"id":18640,"date":"2022-11-30T07:40:50","date_gmt":"2022-11-30T07:40:50","guid":{"rendered":"https:\/\/profeel.bzh\/wordpress\/?p=18640"},"modified":"2022-11-30T07:40:50","modified_gmt":"2022-11-30T07:40:50","slug":"rencontre-avec-une-syrienne","status":"publish","type":"post","link":"https:\/\/profeel.bzh\/wordpress\/rencontre-avec-une-syrienne\/","title":{"rendered":"Rencontre avec une syrienne"},"content":{"rendered":"<p>Rencontre avec Ma\u00efss Karfoul, po\u00e8te syrienne et les \u00e9l\u00e8ves de 3e. Par SANDRINE GANDON-RAUCH, publi\u00e9 le jeudi 8 avril 2021 14: 01-Mis \u00e0 jour le jeudi 8 Syrie: une r\u00e9volte confessionnelle. Rencontre avec Philippe Droz-Vincent. Quelles sont les sp\u00e9cificit\u00e9s du mouvement de contestation syrien Jun 30, 2021 Un nouvel \u00e9pisode du podcast A Worthy Alien est en ligne. Au programme, une interview en trois parties de Basel Almadi, originaire de Syrie 2 days ago On a rencontr\u00e9 une personne qui nous a parl\u00e9 dislam et qui avait des. En Syrie pour vivre sa religion sur le territoire de Daech Nov 30, 2021 Info Quimper Plon\u00e9our-Lanvern Rencontre avec l\u00e9crivaine syrienne Samar Yazbek-Lassociation. Quimper Jun 17, 2013 La Syrie va dominer la premi\u00e8re journ\u00e9e du sommet G8 lundi en Irlande du Nord, avec une rencontre qui sannonce d\u00e9licate entre les <img decoding=\"async\" src=\"https:\/\/www.alwane.org\/wp-content\/uploads\/2020\/08\/visuel-27-novembre-Traces-2-REPORTE.jpg\" alt=\"rencontre avec une syrienne\" align=\"right\"> \u00c0 loccasion de la parution de son livre: La longue nuit syrienneLobservatoire, 2019. Rencontre anim\u00e9e par Jo\u00ebl Hubrecht, avec la participation de Bassma Dec 28, 2014 Le r\u00e9gime de Damas a annonc\u00e9 samedi quil acceptait la proposition de rencontrer lopposition \u00e0 Moscou pour tenter de trouver une issue \u00e0 la 7 days ago Rencontre sur les chr\u00e9tiens de Syrie avec Monseigneur Joseph Tobji Paris 75. L\u0152uvre dOrient vous invite \u00e0 rencontrer Monseigneur Jul 15, 2016 Moscou AFP-Le secr\u00e9taire dEtat am\u00e9ricain John Kerry doit rencontrer vendredi \u00e0 Moscou son homologue russe Sergue\u00ef Lavrov \u00e0 lissue de Soir\u00e9e sp\u00e9ciale pour la Syrie. Un rassemblement en musique et en paroles en solidarit\u00e9 avec les prisonni\u00e8res politiques en Syrie. 18 octobre 2021 5 days ago Des Syriens-Arm\u00e9niens se sont aussi dits victimes de. Lors de sa rencontre avec La Presse, elle travaillait depuis quelques jours dans un Sep 15, 2015 Rencontre avec Hassan, 20 ans, syrien et r\u00e9fugi\u00e9. Il a fui les combats qui ravagent la Syrie et tente de rejoindre sa s\u0153ur en Europe du Nord Dec 27, 2014 La Syrie est pr\u00eate \u00e0 participer \u00e0 une rencontre pr\u00e9liminaire et consultative \u00e0 Moscou pour r\u00e9pondre aux aspirations des Syriens qui sont Les reporters de France 3 sont dans la capitale syrienne depuis quelques jours. Ils ont rencontr\u00e9 les habitants de la ville, qui vivent sous des <img decoding=\"async\" src=\"https:\/\/img.lamontagne.fr\/qz_8tle4bbZm1ZfJBJ3ZNozrHOOR6yqNdrQAedWThnE\/fit\/657\/438\/sm\/0\/bG9jYWw6Ly8vMDAvMDAvMDQvNDcvODgvMjAwMDAwNDQ3ODg3MQ.jpg\" alt=\"rencontre avec une syrienne\" align=\"center\"> Feb 25, 2015 ANALYSE-Largement relay\u00e9e par les m\u00e9dias syriens, la visite. La rencontre avec Bachar, de plus dune heure et directe selon le 15 hours ago \u00c0 la fin de la rencontre, le pape a pos\u00e9 des questions sur une petite fille quil a rencontr\u00e9e dans le camp de Mavrovouni, \u00e0 Lesbos Sep 9, 2013 ANI-Les partis libanais nationaux ont organis\u00e9 une rencontre de solidarit\u00e9 avec la Syrie \u00e0 lambassade de Syrie \u00e0 Yarz\u00e9, en pr\u00e9sence des <img decoding=\"async\" src=\"https:\/\/cdn-s-www.vosgesmatin.fr\/images\/FB312DA1-7050-4A73-84D0-8E92FE3653FF\/NW_raw\/rencontre-avec-hala-al-balkhi-refugiee-syrienne-et-des-eleves-du-lycee-jeanne-d-arc-photo-jean-charles-ole-jean-charles-ole-1541588387.jpg\" alt=\"rencontre avec une syrienne\" align=\"right\"> Nov 10, 2021 Le ministre \u00e9mirati des Affaires \u00e9trang\u00e8res, cheikh Abdallah ben Zayed al-Nahyane, a rencontr\u00e9 le pr\u00e9sident syrien Bachar el-Assad Apr 20, 2016 Reportage. Nous irons aussi au Liban, \u00e0 la rencontre des r\u00e9fugi\u00e9s syriens qui vivent dans des conditions pr\u00e9caires. Enfin, nous verrons que le Nov 23, 2018 Rencontre avec un quadrag\u00e9naire aussi talentueux que pointilleux. Le Temps: Le quatri\u00e8me tome de Larabe du futur, Les cahiers dEsther Mar 28, 2016 Thierry Mariani, d\u00e9put\u00e9 des Fran\u00e7ais de l\u00e9tranger, est rentr\u00e9 ce lundi dun nouveau voyage en Syrie. Avec une d\u00e9l\u00e9gation de parlementaires.<\/p>\n","protected":false},"excerpt":{"rendered":"<p>Rencontre avec Ma\u00efss Karfoul, po\u00e8te syrienne et les \u00e9l\u00e8ves de 3e. Par SANDRINE GANDON-RAUCH, publi\u00e9 le jeudi 8 avril 2021 14: 01-Mis \u00e0 jour le jeudi 8 Syrie: une r\u00e9volte confessionnelle. Rencontre avec Philippe Droz-Vincent. Quelles sont les sp\u00e9cificit\u00e9s du mouvement de contestation syrien Jun 30, 2021 Un nouvel \u00e9pisode du podcast A Worthy Alien [&hellip;]<\/p>\n","protected":false},"author":1,"featured_media":0,"comment_status":"closed","ping_status":"closed","sticky":false,"template":"","format":"standard","meta":{"footnotes":""},"categories":[],"tags":[],"class_list":["post-18640","post","type-post","status-publish","format-standard","hentry"],"_links":{"self":[{"href":"https:\/\/profeel.bzh\/wordpress\/wp-json\/wp\/v2\/posts\/18640","targetHints":{"allow":["GET"]}}],"collection":[{"href":"https:\/\/profeel.bzh\/wordpress\/wp-json\/wp\/v2\/posts"}],"about":[{"href":"https:\/\/profeel.bzh\/wordpress\/wp-json\/wp\/v2\/types\/post"}],"author":[{"embeddable":true,"href":"https:\/\/profeel.bzh\/wordpress\/wp-json\/wp\/v2\/users\/1"}],"replies":[{"embeddable":true,"href":"https:\/\/profeel.bzh\/wordpress\/wp-json\/wp\/v2\/comments?post=18640"}],"version-history":[{"count":0,"href":"https:\/\/profeel.bzh\/wordpress\/wp-json\/wp\/v2\/posts\/18640\/revisions"}],"wp:attachment":[{"href":"https:\/\/profeel.bzh\/wordpress\/wp-json\/wp\/v2\/media?parent=18640"}],"wp:term":[{"taxonomy":"category","embeddable":true,"href":"https:\/\/profeel.bzh\/wordpress\/wp-json\/wp\/v2\/categories?post=18640"},{"taxonomy":"post_tag","embeddable":true,"href":"https:\/\/profeel.bzh\/wordpress\/wp-json\/wp\/v2\/tags?post=18640"}],"curies":[{"name":"wp","href":"https:\/\/api.w.org\/{rel}","templated":true}]}}