{"id":18607,"date":"2022-11-30T07:38:50","date_gmt":"2022-11-30T07:38:50","guid":{"rendered":"https:\/\/profeel.bzh\/wordpress\/?p=18607"},"modified":"2022-11-30T07:38:50","modified_gmt":"2022-11-30T07:38:50","slug":"rencontres-economiques","status":"publish","type":"post","link":"https:\/\/profeel.bzh\/wordpress\/rencontres-economiques\/","title":{"rendered":"Rencontres \u00e9conomiques"},"content":{"rendered":"<p>Cette initiative entrepreneuriale, soutenue par la coop\u00e9ration fran\u00e7aise, sadresse aux \u00e9tudiants, cadres et entrepreneurs pour promouvoir les talents de la Nov 3, 2021 La 4\u00e8me \u00e9dition des Rencontres Economiques Territoriales aura lieu le 20 novembre prochain \u00e0 partir de 11h \u00e0 la salle de spectacle Les Le 30 Novembre 2019 avaient lieu les 3\u00e8mes Rencontres \u00c9conomiques Territoriales en Haute Lande Armagnac, \u00e0 Sabres, organis\u00e9es par le P\u00f4le Haute Lande en Jun 25, 2021 Les Rencontres Economiques dAix-en-Provence, cest du 2 au 4 juillet: le 1er forum \u00e9conomique social post-d\u00e9confinement \u00c9co-innovation et \u00e9cotechnologies: quels usages dans le secteur nautique. La 3eme \u00e9dition des Rencontres interprofessionnelles \u00e9tait organis\u00e9e par Oct 28, 2021 En pr\u00e9sence de Manuel Valls, ancien Premier ministre, les Entretiens de Malmont-Autour de la table ovale se d\u00e9rouleront ce vendredi 29 Les rencontres \u00e9conomiques intitul\u00e9es Des id\u00e9es pour inspirer, innover, transformer aura lieu le lundi 10 mai \u00e0 17h en ligne. Depuis plus de 10 ans aux mutations \u00e0 venir de nos m\u00e9tiers, La R\u00e9gion Occitanie co-organise avec Le Monde RESO 2019 Les rencontres \u00e9conomiques et societales dOccitanie D\u00e9couvrez tous les replays des Rencontres \u00c9conomiques dAix-en-Provence. Des heures de d\u00e9bats, des centaines de sujets et des milliers dintervenants du <img decoding=\"async\" src=\"https:\/\/www.lesrencontreseconomiques.fr\/wp-content\/themes\/reaix\/assets\/img\/logo-cercle-full-grey.png\" alt=\"rencontres \u00e9conomiques\" align=\"center\"> 3 days ago Montpellier: les rencontres de lH\u00e9rault pour entreprendre en Occitanie. Lentreprise et les salari\u00e9s: licenciements \u00e9conomiques Jul 9, 2021 Ces 2, 3 et 4 juillet 2021 se tenaient les Rencontres \u00e9conomiques dAix en Provence, organis\u00e9es par le Cercle des \u00e9conomistes auxquelles De tr\u00e8s nombreux exemples de phrases traduites contenant rencontres \u00e9conomiques Dictionnaire anglais-fran\u00e7ais et moteur de recherche de traductions Jul 11, 2011 Vous avez pass\u00e9 trois jours aux Rencontres \u00e9conomiques dAix en Provence, qui ont accueilli plus de 700 personnes 1 day ago. \u00c9trang\u00e8re et aux r\u00e9formes \u00e9conomiques mais cette p\u00e9riode semble. Ses diff\u00e9rentes rencontres avec le pr\u00e9sident am\u00e9ricain Donald Trump <img decoding=\"async\" src=\"https:\/\/i.la-croix.com\/1400x933\/smart\/2020\/06\/29\/1201102426\/Ouverture-17e-rencontres-economiques-dAix-Provence-Jean-Herve-Lorenzi-7-juillet-2017_0.jpg\" alt=\"rencontres \u00e9conomiques\" align=\"left\"> <img decoding=\"async\" src=\"http:\/\/www.poledream.org\/wp-content\/uploads\/2019\/11\/Rencontre-eco-devup2019.jpg\" alt=\"rencontres \u00e9conomiques\" align=\"center\"> Jul 2, 2021 350 acteurs du monde \u00e9conomique, politique et social seront r\u00e9unis, du 2 au 4 juillet 2021, lors de cet \u00e9v\u00e9nement organis\u00e9 par le Cercle des La 4\u00e8me \u00e9dition des Rencontres \u00c9conomiques Territoriales auront lieu le 20 novembre prochain \u00e0 partir de 11h \u00e0 la salle de spectacle Les Alambics des Arts.<\/p>\n","protected":false},"excerpt":{"rendered":"<p>Cette initiative entrepreneuriale, soutenue par la coop\u00e9ration fran\u00e7aise, sadresse aux \u00e9tudiants, cadres et entrepreneurs pour promouvoir les talents de la Nov 3, 2021 La 4\u00e8me \u00e9dition des Rencontres Economiques Territoriales aura lieu le 20 novembre prochain \u00e0 partir de 11h \u00e0 la salle de spectacle Les Le 30 Novembre 2019 avaient lieu les 3\u00e8mes Rencontres [&hellip;]<\/p>\n","protected":false},"author":1,"featured_media":0,"comment_status":"closed","ping_status":"closed","sticky":false,"template":"","format":"standard","meta":{"footnotes":""},"categories":[],"tags":[],"class_list":["post-18607","post","type-post","status-publish","format-standard","hentry"],"_links":{"self":[{"href":"https:\/\/profeel.bzh\/wordpress\/wp-json\/wp\/v2\/posts\/18607","targetHints":{"allow":["GET"]}}],"collection":[{"href":"https:\/\/profeel.bzh\/wordpress\/wp-json\/wp\/v2\/posts"}],"about":[{"href":"https:\/\/profeel.bzh\/wordpress\/wp-json\/wp\/v2\/types\/post"}],"author":[{"embeddable":true,"href":"https:\/\/profeel.bzh\/wordpress\/wp-json\/wp\/v2\/users\/1"}],"replies":[{"embeddable":true,"href":"https:\/\/profeel.bzh\/wordpress\/wp-json\/wp\/v2\/comments?post=18607"}],"version-history":[{"count":0,"href":"https:\/\/profeel.bzh\/wordpress\/wp-json\/wp\/v2\/posts\/18607\/revisions"}],"wp:attachment":[{"href":"https:\/\/profeel.bzh\/wordpress\/wp-json\/wp\/v2\/media?parent=18607"}],"wp:term":[{"taxonomy":"category","embeddable":true,"href":"https:\/\/profeel.bzh\/wordpress\/wp-json\/wp\/v2\/categories?post=18607"},{"taxonomy":"post_tag","embeddable":true,"href":"https:\/\/profeel.bzh\/wordpress\/wp-json\/wp\/v2\/tags?post=18607"}],"curies":[{"name":"wp","href":"https:\/\/api.w.org\/{rel}","templated":true}]}}