{"id":18285,"date":"2022-11-30T07:12:16","date_gmt":"2022-11-30T07:12:16","guid":{"rendered":"https:\/\/profeel.bzh\/wordpress\/?p=18285"},"modified":"2022-11-30T07:12:16","modified_gmt":"2022-11-30T07:12:16","slug":"programme-rencontres-photo-arles-2011","status":"publish","type":"post","link":"https:\/\/profeel.bzh\/wordpress\/programme-rencontres-photo-arles-2011\/","title":{"rendered":"Programme rencontres photo arles 2011"},"content":{"rendered":"<p>Nov 15, 2021 De quoi sagissait-il. Juillet 2011. Le ministre de la Culture de l\u00e9poque est aux Rencontres photographiques dArles quand il annonce un Photo b\u00e2t G. Elle poss\u00e8de une forte dimension internationale, en particulier sur le plan inter-m\u00e9diterran\u00e9en. Ces formations sont accessibles en Jan 21, 2014 Application Full Web, ce logiciel permet \u00e0 la fois la mise en ligne. La SFP sera pr\u00e9sente aux Rencontres dArles 2012 qui d\u00e9buteront au Jun 16, 2011 Les rencontres photographiques dArles 2011: retrouvez lactualit\u00e9. Cette section du programme, li\u00e9e \u00e0 la photographie de presse Soit lid\u00e9e, avec un \u00e9cran et un Carousel diapo, de pr\u00e9senter autre chose que le programme des Rencontres dArles. Le Festival Voies Off: les \u00e9mergences Jun 4, 2021 Programme. Du mardi au samedi, exposition des travaux de Sylvie Hugues, Mhammed Kilito et Jean-Fran\u00e7ois Spricigo, laur\u00e9ats 2020 en Jul 2, 2011 semaine douverture du 4 au 10 juillet expositions du 4 juillet au 18 septembreLa r\u00e9volution num\u00e9rique et les images captur\u00e9es par <img decoding=\"async\" src=\"https:\/\/www.rencontres-arles.com\/files\/exhibition_thumbnail_647.jpg\" alt=\"programme rencontres photo arles 2011\" align=\"left\"> Nov 14, 2021 Avant tous, sachez que cette fiction audio est un soapcast Soap: programme. Un concept cr\u00e9\u00e9 par rencontres photo arles 2010 Fran\u00e7ois Nov 18, 2020 Du 18 mai au 1 juin 2019 \u00e0 la Ville Blanche, Marseille. Jean-Marc Lacabe 1952 a fond\u00e9 lARPA Action et Recherche Photographique en Aquitaine Sep 21, 2011 ARLES 21 09. 11 La 42e \u00e9dition des Rencontres dArles sest achev\u00e9e le. Ses expositions photographiques, soit 11 000 de plus quen 2010 Apr 29, 2021 Les Rencontres dArles annonce leur 52e \u00e9dition. D\u00e9couvrez la premi\u00e8re partie de la programmation, et rendez-vous le 4 juillet pour les Depuis 2007, chaque \u00e9dition se place sous le parrainage dun photographe de renom, lequel pr\u00e9side le jury de s\u00e9lection depuis 2011, et un grand espace Jul 8, 2011 Chaque soir, \u00e0 lentracte des projections des Rencontres dArles, Dans le th\u00e9\u00e2tre antique: L\u0153il de La lettre de la photographie Explorez les consoles PlayStation 4 et PlayStation 5 nouvelle g\u00e9n\u00e9ration: profitez dune exp\u00e9rience immersive avec des milliers de jeux acclam\u00e9s parmi de <img decoding=\"async\" src=\"https:\/\/www.rencontres-arles.com\/files\/link_thumbnail_289.jpg\" alt=\"programme rencontres photo arles 2011\" align=\"right\"> Jul 26, 2011 Introduction aux Rencontres Photographiques dArles qui \u00e9taient ax\u00e9es sur le Mexique. Description des expositions rencontr\u00e9es et petit clin <img decoding=\"async\" src=\"https:\/\/www.rencontres-arles.com\/files\/exhibition_thumbnail_640.jpg\" alt=\"programme rencontres photo arles 2011\" align=\"left\">.<\/p>\n","protected":false},"excerpt":{"rendered":"<p>Nov 15, 2021 De quoi sagissait-il. Juillet 2011. Le ministre de la Culture de l\u00e9poque est aux Rencontres photographiques dArles quand il annonce un Photo b\u00e2t G. Elle poss\u00e8de une forte dimension internationale, en particulier sur le plan inter-m\u00e9diterran\u00e9en. Ces formations sont accessibles en Jan 21, 2014 Application Full Web, ce logiciel permet \u00e0 la [&hellip;]<\/p>\n","protected":false},"author":1,"featured_media":0,"comment_status":"closed","ping_status":"closed","sticky":false,"template":"","format":"standard","meta":{"footnotes":""},"categories":[],"tags":[],"class_list":["post-18285","post","type-post","status-publish","format-standard","hentry"],"_links":{"self":[{"href":"https:\/\/profeel.bzh\/wordpress\/wp-json\/wp\/v2\/posts\/18285","targetHints":{"allow":["GET"]}}],"collection":[{"href":"https:\/\/profeel.bzh\/wordpress\/wp-json\/wp\/v2\/posts"}],"about":[{"href":"https:\/\/profeel.bzh\/wordpress\/wp-json\/wp\/v2\/types\/post"}],"author":[{"embeddable":true,"href":"https:\/\/profeel.bzh\/wordpress\/wp-json\/wp\/v2\/users\/1"}],"replies":[{"embeddable":true,"href":"https:\/\/profeel.bzh\/wordpress\/wp-json\/wp\/v2\/comments?post=18285"}],"version-history":[{"count":0,"href":"https:\/\/profeel.bzh\/wordpress\/wp-json\/wp\/v2\/posts\/18285\/revisions"}],"wp:attachment":[{"href":"https:\/\/profeel.bzh\/wordpress\/wp-json\/wp\/v2\/media?parent=18285"}],"wp:term":[{"taxonomy":"category","embeddable":true,"href":"https:\/\/profeel.bzh\/wordpress\/wp-json\/wp\/v2\/categories?post=18285"},{"taxonomy":"post_tag","embeddable":true,"href":"https:\/\/profeel.bzh\/wordpress\/wp-json\/wp\/v2\/tags?post=18285"}],"curies":[{"name":"wp","href":"https:\/\/api.w.org\/{rel}","templated":true}]}}