{"id":1826,"date":"2022-11-29T08:26:11","date_gmt":"2022-11-29T08:26:11","guid":{"rendered":"https:\/\/profeel.bzh\/wordpress\/?p=1826"},"modified":"2022-11-29T08:26:11","modified_gmt":"2022-11-29T08:26:11","slug":"photo-rencontre-arles","status":"publish","type":"post","link":"https:\/\/profeel.bzh\/wordpress\/photo-rencontre-arles\/","title":{"rendered":"Photo rencontre arles"},"content":{"rendered":"<p>Les Rencontres de la photographie dArles sont un festival estival annuel. Ces rencontres permettent chaque \u00e9t\u00e9 de transmettre le patrimoine photographique Avec les calendriers photo muraux Cewe, revivez vos plus beaux souvenirs de lann\u00e9e au fil des mois dans un calendrier unique et personnalis\u00e9 Sep 28, 2021 The New Black Vanguard aux Rencontres Arles 2021. Aux informations sur les images et les objets de lexposition ne serait pas superflu Apr 19, 2021 LES RENCONTRES DARLES PHOTOGRAPH DETAIL: SMITH, DESIDERATION, 2000-2021. COURTESY LES FILLES DU CALVAIRE GALLERY. DESIGN ABM STUDIO captures d\u00e9cran et d\u00e9couvrez Les Rencontres dArles plus en d\u00e9tail. T\u00e9l\u00e9chargez Les Rencontres dArles et utilisez-le sur votre iPhone, iPad ou iPod touch Jul 2, 2021 Du 4 juillet au 26 septembre 2021 se d\u00e9rouleront les Rencontres de la Photographie \u00e0 Arles. D\u00e9couvrez les artistes et temps forts \u00e0 ne pas 111k Followers, 925 Following, 1965 Posts-See Instagram photos and videos from Les Rencontres dArles rencontresarles <img decoding=\"async\" src=\"https:\/\/www.thegoodarles.com\/wp-content\/uploads\/2022\/03\/rencontres-photo-arles-2022-une.jpg\" alt=\"photo rencontre arles\" align=\"right\"> Jul 11, 2021 Avec Masculinit\u00e9s, 50 photographes proposent leur interpr\u00e9tation de la masculinit\u00e9 et de son image des ann\u00e9es 60 \u00e0 nos jours. Clarisse Hahn Ndlr: un bug logiciel affiche les images des affiches de Michel Bouvet au milieu des galeries des photos des Rencontres dArles ci-contre Jul 2, 2015 Il a affirm\u00e9 sa volont\u00e9 de tisser des liens entre la photographie, larchitecture, le cin\u00e9ma et la musique, sans renier lhistoire de la photo La semaine derni\u00e8re je suis all\u00e9 \u00e0 la rencontre dArles. Cliquez ici pour d\u00e9couvrir pourquoi il est tr\u00e8s important dassister \u00e0 des expositions photo La photo num\u00e9rique enfin reconnue et valoris\u00e9e par le principal festival de photographie, les Rencontres dArles. Pas si vite. La prise de position hier de PENDANT PARIS PHOTO Le projet de Lewis Bush ainsi que les 4 prix cr\u00e9\u00e9s par les Rencontres dArles et leurs partenaires, traditionnellement remis au Th\u00e9\u00e2tre Jul 26, 2021 Malgr\u00e9 le contexte sanitaire, les Rencontres dArles ont tenu \u00e0 se. La fili\u00e8re de la photographie et de limage ont consid\u00e9rablement fait Jul 7, 2016 D\u00e9placement au Rencontres de la photographie \u00e0 Arles, le 7 juillet 2016. \u00catre b\u00e2tis aussi rapidement que les photos sont r\u00e9alis\u00e9es Sep 6, 2021 Le verbiage simpose de fa\u00e7on immodeste dans beaucoup des trente-cinq expositions de l\u00e9dition de 2021. Limage de retrouve prise en otage Sergio LarrainMagnum Photos Rencontres Arles. Jai compris que la photographie, comme toute expression artistique, on doit la chercher au fond de soi Jul 5, 2021 Christoph Wiesner: La continuit\u00e9 est indispensable aux Rencontres dArles Pourquoi avoir quitt\u00e9 la direction de Paris Photo, la plus grande Aug 26, 2016 Une visite toute personnelle de la 47\u1d49 \u00e9dition des Rencontres. Pour proposer au public une exp\u00e9rience unique de la photo contemporaine <img decoding=\"async\" src=\"http:\/\/phototrend.fr\/wp-content\/uploads\/2015\/07\/Affiches-Arles-Michel-Bouvet-940x704.jpg\" alt=\"photo rencontre arles\" align=\"center\"> Depuis plus de trente ans, ATLAS organise \u00e0 Arles les Assises de la traduction litt\u00e9raire. Les actes des Assises ont \u00e9t\u00e9 publi\u00e9s en co-\u00e9dition avec Actes Jul 9, 2021 Que donnent les 52e Rencontres de la photographie dArles. Lancien directeur artistique de Paris Photo ose en faire moins et cest Rencontresarles The first international festival of photography Bienvenue sur Arles-exposition, le festival Off des Rencontres dArles, lieu de rencontres privil\u00e9gi\u00e9es entre les galeries, les photographes et leurs <img decoding=\"async\" src=\"https:\/\/images.france.fr\/zeaejvyq9bhj\/3sCesffEq4m6W0MGSiUMW2\/0610c6205e2346d6b08e5ac9d1d6cbb6\/rencontres_de_la_photographie2canne_foures.jpg\" alt=\"photo rencontre arles\" align=\"left\"> N\u00e9 \u00e0 Neuilly-sur-seine il y a 89 ans, Chris Marker a acc\u00e9d\u00e9 \u00e0 la c\u00e9l\u00e9brit\u00e9 en 1962 avec son court-m\u00e9trage fait dimages fixes la Jet\u00e9e: des exp\u00e9riences Et si on faisait bouger la maison. Cuisiner, recevoir, d\u00e9corer, cr\u00e9er, ranger et chouchouter ses enfants, d\u00e9couvrez vite le programme Z\u00f4dio.<\/p>\n","protected":false},"excerpt":{"rendered":"<p>Les Rencontres de la photographie dArles sont un festival estival annuel. Ces rencontres permettent chaque \u00e9t\u00e9 de transmettre le patrimoine photographique Avec les calendriers photo muraux Cewe, revivez vos plus beaux souvenirs de lann\u00e9e au fil des mois dans un calendrier unique et personnalis\u00e9 Sep 28, 2021 The New Black Vanguard aux Rencontres Arles 2021. [&hellip;]<\/p>\n","protected":false},"author":1,"featured_media":0,"comment_status":"closed","ping_status":"closed","sticky":false,"template":"","format":"standard","meta":{"footnotes":""},"categories":[],"tags":[],"class_list":["post-1826","post","type-post","status-publish","format-standard","hentry"],"_links":{"self":[{"href":"https:\/\/profeel.bzh\/wordpress\/wp-json\/wp\/v2\/posts\/1826","targetHints":{"allow":["GET"]}}],"collection":[{"href":"https:\/\/profeel.bzh\/wordpress\/wp-json\/wp\/v2\/posts"}],"about":[{"href":"https:\/\/profeel.bzh\/wordpress\/wp-json\/wp\/v2\/types\/post"}],"author":[{"embeddable":true,"href":"https:\/\/profeel.bzh\/wordpress\/wp-json\/wp\/v2\/users\/1"}],"replies":[{"embeddable":true,"href":"https:\/\/profeel.bzh\/wordpress\/wp-json\/wp\/v2\/comments?post=1826"}],"version-history":[{"count":0,"href":"https:\/\/profeel.bzh\/wordpress\/wp-json\/wp\/v2\/posts\/1826\/revisions"}],"wp:attachment":[{"href":"https:\/\/profeel.bzh\/wordpress\/wp-json\/wp\/v2\/media?parent=1826"}],"wp:term":[{"taxonomy":"category","embeddable":true,"href":"https:\/\/profeel.bzh\/wordpress\/wp-json\/wp\/v2\/categories?post=1826"},{"taxonomy":"post_tag","embeddable":true,"href":"https:\/\/profeel.bzh\/wordpress\/wp-json\/wp\/v2\/tags?post=1826"}],"curies":[{"name":"wp","href":"https:\/\/api.w.org\/{rel}","templated":true}]}}