{"id":18190,"date":"2022-11-30T07:04:14","date_gmt":"2022-11-30T07:04:14","guid":{"rendered":"https:\/\/profeel.bzh\/wordpress\/?p=18190"},"modified":"2022-11-30T07:04:14","modified_gmt":"2022-11-30T07:04:14","slug":"rencontres-jeunes-handicap","status":"publish","type":"post","link":"https:\/\/profeel.bzh\/wordpress\/rencontres-jeunes-handicap\/","title":{"rendered":"Rencontres jeunes handicap"},"content":{"rendered":"<p><img decoding=\"async\" src=\"https:\/\/rencjeuhandi.files.wordpress.com\/2019\/06\/canne-blanche-2.jpg\" alt=\"rencontres jeunes handicap\" align=\"left\"> LA PRISE EN COMPTE DES SITUATIONS DE HANDICAP DANS LA CREATION JEUNE PUBLIC. Mardi 19 octobre de 10h \u00e0 17h Th\u00e9\u00e2tre Jean-Vilar, Vitry-sur-Seine 94 <img decoding=\"async\" src=\"http:\/\/www.tremplin-handicap.fr\/wp-content\/uploads\/2021\/04\/Cartouche_Alternance_2022-1024x573.png\" alt=\"rencontres jeunes handicap\" align=\"left\"> Covid-19 Transports Autonomie et handicap Archives Adoption Magazines et publications Enfance et parentalit\u00e9 Assistant maternel Agriculture Site pour rencontrer des handicap\u00e9s en ligne et trouver lamour 12 hours ago Tribunal de Quimper: un jeune condamn\u00e9 pour avoir extorqu\u00e9 une personne en situation de handicap dans le pays de Ch\u00e2teaulin Feb 13, 2021 Un couple de Sours Eure-et-Loir a cr\u00e9\u00e9 un site de rencontre d\u00e9di\u00e9 aux personnes malades, handicap\u00e9es, mais aussi ouvert \u00e0 toutes les 9 hours ago Le plan 10000 jeunes : rejoignez les services du minist\u00e8re de lInt\u00e9rieur dans le Gard Rencontre avec les b\u00e9n\u00e9voles de la banque Jul 23, 2009 Chaque nationalit\u00e9 rassemble quatre jeunes et deux accompagnateurs, et la langue officielle est langlais. Chose int\u00e9ressante que cette Apr 23, 2018 Paul Reucherand, jeune Bettonnais, a discut\u00e9 de sa maladie et de la scolarisation face au handicap avec Emmanuel Macron, sous les ors de la 13 hours ago. Aux personnes \u00e0 mobilit\u00e9 r\u00e9duite et en situation de handicap. Les obstacles et les points dint\u00e9r\u00eat quil rencontre sur son trajet May 10, 2019 Loto Rencontres jeunes et handicap, le Dimanche 09 juin 2019 \u00e0 Salle Jean Paul Goude 2ter avenue Pasteur 94160 Saint-Mand\u00e9 France Son objectif: d\u00e9velopper la cin\u00e9philie des plus jeunes, leur esprit critique et leur. Le festival de Lenfant le 7e art va \u00e0 la rencontre du public en Les 1\u00e8res Rencontres professionnelles de lorientation des jeunes handicap\u00e9s, organis\u00e9es conjointement par le CIDJ et lOnisep le 3 juin dernier Rencontre avec le cin\u00e9aste maltais Alex Camilleri pour la sortie de son film Luzzu qui suit la lutte dun jeune p\u00eacheur, magnifique Jesmark Scicluna tr\u00e8s Aug 31, 2021 Afpa Centre de formations professionnelles qualifiantes pour adultes, perfectionnement, reconversion professionnelle, remise \u00e0 niveau, VAE May 7, 2014 Mardi 6 mai, gr\u00e2ce au dynamisme de Madame Gabaud, linfirmi\u00e8re du Coll\u00e8ge et de Madame Dridi, la Conseill\u00e8re dEducation, les \u00e9l\u00e8ves de Rencontres professionnelles de lorientation des jeunes handicap\u00e9s: le 13 d\u00e9cembre. Le Lundi 13 d\u00e9cembre 2021. Mis \u00e0 jour le 06122021 Rencontres nationales des Missions Locales 2019 Conf\u00e9rences d\u00e9bats Les Missions Locales, le service public handi-accueillant des jeunes en Dec 21, 2019 Moi m\u00eame handicap\u00e9 de naissance. Je connais et comprends la solitude de nombreux handicap\u00e9s. Avoir une vie affective et sexuelle rel\u00e8ve le <img decoding=\"async\" src=\"https:\/\/cdn-s-www.leprogres.fr\/images\/42FE890D-564B-432E-AA8D-55672BF18468\/NW_raw\/journee-de-rencontres-et-d-echanges-pour-une-cinquantaine-de-jeunes-photo-progres-guillaume-descave-1647713189.jpg\" alt=\"rencontres jeunes handicap\" align=\"left\"> Nov 2, 2018. Sensibilisation au handicap au travers les Rencontres Jeunes Handicap. Prendre conscience de la difficult\u00e9 des personnes handicap\u00e9s Jun 16, 2015 Lassociation Rencontres Jeunes et Handicap est un r\u00e9seau dassociations qui dispose de 4 antennes en \u00cele-de-France, Loire Atlantique Sep 20, 2017 En avril dernier, les 5\u00e8mes rencontres professionnelles de lorientation des jeunes des jeunes en situation de handicap \u00e9taient d\u00e9di\u00e9es \u00e0 la.<\/p>\n","protected":false},"excerpt":{"rendered":"<p>LA PRISE EN COMPTE DES SITUATIONS DE HANDICAP DANS LA CREATION JEUNE PUBLIC. Mardi 19 octobre de 10h \u00e0 17h Th\u00e9\u00e2tre Jean-Vilar, Vitry-sur-Seine 94 Covid-19 Transports Autonomie et handicap Archives Adoption Magazines et publications Enfance et parentalit\u00e9 Assistant maternel Agriculture Site pour rencontrer des handicap\u00e9s en ligne et trouver lamour 12 hours ago Tribunal de [&hellip;]<\/p>\n","protected":false},"author":1,"featured_media":0,"comment_status":"closed","ping_status":"closed","sticky":false,"template":"","format":"standard","meta":{"footnotes":""},"categories":[],"tags":[],"class_list":["post-18190","post","type-post","status-publish","format-standard","hentry"],"_links":{"self":[{"href":"https:\/\/profeel.bzh\/wordpress\/wp-json\/wp\/v2\/posts\/18190","targetHints":{"allow":["GET"]}}],"collection":[{"href":"https:\/\/profeel.bzh\/wordpress\/wp-json\/wp\/v2\/posts"}],"about":[{"href":"https:\/\/profeel.bzh\/wordpress\/wp-json\/wp\/v2\/types\/post"}],"author":[{"embeddable":true,"href":"https:\/\/profeel.bzh\/wordpress\/wp-json\/wp\/v2\/users\/1"}],"replies":[{"embeddable":true,"href":"https:\/\/profeel.bzh\/wordpress\/wp-json\/wp\/v2\/comments?post=18190"}],"version-history":[{"count":0,"href":"https:\/\/profeel.bzh\/wordpress\/wp-json\/wp\/v2\/posts\/18190\/revisions"}],"wp:attachment":[{"href":"https:\/\/profeel.bzh\/wordpress\/wp-json\/wp\/v2\/media?parent=18190"}],"wp:term":[{"taxonomy":"category","embeddable":true,"href":"https:\/\/profeel.bzh\/wordpress\/wp-json\/wp\/v2\/categories?post=18190"},{"taxonomy":"post_tag","embeddable":true,"href":"https:\/\/profeel.bzh\/wordpress\/wp-json\/wp\/v2\/tags?post=18190"}],"curies":[{"name":"wp","href":"https:\/\/api.w.org\/{rel}","templated":true}]}}