{"id":18186,"date":"2022-11-30T07:04:05","date_gmt":"2022-11-30T07:04:05","guid":{"rendered":"https:\/\/profeel.bzh\/wordpress\/?p=18186"},"modified":"2022-11-30T07:04:05","modified_gmt":"2022-11-30T07:04:05","slug":"rencontres-rh","status":"publish","type":"post","link":"https:\/\/profeel.bzh\/wordpress\/rencontres-rh\/","title":{"rendered":"Rencontres rh"},"content":{"rendered":"<p>Sep 24, 2018 Rendez-vous annuel des acteurs RH, les conf\u00e9rences et ateliers des 7e Rencontres RH de la Sant\u00e9 traiteront des th\u00e8mes dactualit\u00e9 et 2 days ago Cette dirigeante britannique \u00e9tait jusqualors directrice des ressources humaines du g\u00e9ant de la grande distribution, o\u00f9 elle a pass\u00e9 30 Jul 15, 2017 Les ressources humaines font partie des services strat\u00e9giques dune entreprise et doivent faire face \u00e0 toutes sortes de probl\u00e8mes \u00e9tant 11 hours ago Lacteur a fait lobjet dune enqu\u00eate RH sur une s\u00e9rie dall\u00e9gations dinconduite sur le tournage de la sitcom \u00e0 succ\u00e8s Oct 15, 2021 Les Rencontres RH de la Sant\u00e9 2021 organis\u00e9es par lADRHESS et la FHF se sont d\u00e9roul\u00e9es ces mercredi 13 et jeudi 14 octobre Offres demploi Politique RH Index \u00e9galit\u00e9 professionnelle. Espace de Rencontres et Information Loisirs Associations H\u00e9bergement <img decoding=\"async\" src=\"https:\/\/www.adrhess.com\/wp-content\/uploads\/2020\/05\/RRH20_A4_PUB-1-750x1061.jpg\" alt=\"rencontres rh\" align=\"left\"> <img decoding=\"async\" src=\"https:\/\/www.adrhess.com\/wp-content\/uploads\/2021\/06\/rencontres-rh-543x568.png\" alt=\"rencontres rh\" align=\"right\"> Oct 30, 2012 Sur le th\u00e8me f\u00e9d\u00e9rateur La gestion des ressources humaines au c\u0153ur des. Les premi\u00e8res Rencontres RH de la sant\u00e9 ont r\u00e9uni plus de 400 Pour cette 3e \u00e9dition, les Rencontres RH du Digital vous attendent sur le Campus R\u00e9gion du num\u00e9rique \u00e0 Charbonni\u00e8res-les-Bains: Vendredi 1er Octobre Rendez-vous annuel des acteurs RH, les conf\u00e9rences et ateliers des 7e Rencontres RH de la Sant\u00e9 traiteront, les 24 et 25 septembre, des th\u00e8mes dactualit\u00e9 1 day ago hautes-alpes Linsertion professionnelle via des rencontres et des. Des ressources humaines et dEmmanuelle Locatelli, charg\u00e9e des 4 days ago Jai dabord commenc\u00e9 en tant que juriste en droit social, puis jai \u00e9t\u00e9 DRH et directrice des relations sociales 2 days ago Le pr\u00e9sident fran\u00e7ais, Emmanuel Macron, sest r\u00e9uni avec son homologue azerba\u00efdjanais, Ilham Aliyev, et avec le Premier ministre arm\u00e9nien, Nikol May 15, 2021 Cet article Rencontres RH: lagacement est plus difficile \u00e0 r\u00e9soudre que le conflit publi\u00e9 par Le Monde Mai 2021 revient sur le Les Rencontres RH sont anim\u00e9es par des experts en ressources humaines et droit social Public. Dirigeants dentreprise, responsables RH ou toute personne ayant MONTROUGE 92. Rencontres \u00e0 linitiative de lAssociation pour le D\u00e9veloppement des Ressources Humaines des \u00c9tablissements Sanitaires et Sociaux ADRHESS Publi\u00e9 le 14 septembre 2012. Rencontre RH Sante. Cet \u00e9v\u00e8nement sera le premier rendez-vous annuel sp\u00e9cialis\u00e9 des acteurs des ressources humaines du monde CAVM Cycle de rencontres RH ESS 2021. Vous souhaitez am\u00e9liorer vos pratiques en mati\u00e8re de gestion des ressources humaines Https: www Cnam. Frportailconservatoire-national-des-arts-et-metiers-accueil-821166 Kjsp. RHACCUEIL. LAfterWork RH est une organisation RH internationale la 1\u00e8re communaut\u00e9. AfterWork RH a un positionnement unique et permet, pendant des rencontres les \u00e9changes m\u00e9diatis\u00e9s et indirects au d\u00e9triment de rencontres en face-\u00e0-face, En outre, le recentrage de la fonction RH sur ses activit\u00e9s \u00e0 valeur Rencontres RH. Afin daccompagner les services des Ressources humaines des collectivit\u00e9s locales et des \u00e9tablissements publics, le Centre de gestion de la 2 days ago EmploiRH RENCONTRES. Tout Interview Portrait NOMINATIONS. PODCASTS VID\u00c9OS. AGENDA ANNUAIRE. VOXLOG. 2021 Tous droits r\u00e9serv\u00e9s <img decoding=\"async\" src=\"https:\/\/www.lecollectifdesfestivals.org\/collectif\/wp-content\/uploads\/2015\/02\/Visuel-mail-rencontre-RH-030415.jpg\" alt=\"rencontres rh\" align=\"right\"> RH-Entreprise de 0 \u00e0 9 salari\u00e9s. Excellente \u00e9coute, amabilit\u00e9, force de proposition, rapidit\u00e9 de lenvoi de documents. Conseiller tr\u00e8s professionnel Jul 15, 2018 Aux origines de l\u00e9tincelle RH, il y a lenvie de provoquer de belles rencontres. Anne, la fondatrice du cabinet, raconte ce qui la pouss\u00e9.<\/p>\n","protected":false},"excerpt":{"rendered":"<p>Sep 24, 2018 Rendez-vous annuel des acteurs RH, les conf\u00e9rences et ateliers des 7e Rencontres RH de la Sant\u00e9 traiteront des th\u00e8mes dactualit\u00e9 et 2 days ago Cette dirigeante britannique \u00e9tait jusqualors directrice des ressources humaines du g\u00e9ant de la grande distribution, o\u00f9 elle a pass\u00e9 30 Jul 15, 2017 Les ressources humaines font partie [&hellip;]<\/p>\n","protected":false},"author":1,"featured_media":0,"comment_status":"closed","ping_status":"closed","sticky":false,"template":"","format":"standard","meta":{"footnotes":""},"categories":[],"tags":[],"class_list":["post-18186","post","type-post","status-publish","format-standard","hentry"],"_links":{"self":[{"href":"https:\/\/profeel.bzh\/wordpress\/wp-json\/wp\/v2\/posts\/18186","targetHints":{"allow":["GET"]}}],"collection":[{"href":"https:\/\/profeel.bzh\/wordpress\/wp-json\/wp\/v2\/posts"}],"about":[{"href":"https:\/\/profeel.bzh\/wordpress\/wp-json\/wp\/v2\/types\/post"}],"author":[{"embeddable":true,"href":"https:\/\/profeel.bzh\/wordpress\/wp-json\/wp\/v2\/users\/1"}],"replies":[{"embeddable":true,"href":"https:\/\/profeel.bzh\/wordpress\/wp-json\/wp\/v2\/comments?post=18186"}],"version-history":[{"count":0,"href":"https:\/\/profeel.bzh\/wordpress\/wp-json\/wp\/v2\/posts\/18186\/revisions"}],"wp:attachment":[{"href":"https:\/\/profeel.bzh\/wordpress\/wp-json\/wp\/v2\/media?parent=18186"}],"wp:term":[{"taxonomy":"category","embeddable":true,"href":"https:\/\/profeel.bzh\/wordpress\/wp-json\/wp\/v2\/categories?post=18186"},{"taxonomy":"post_tag","embeddable":true,"href":"https:\/\/profeel.bzh\/wordpress\/wp-json\/wp\/v2\/tags?post=18186"}],"curies":[{"name":"wp","href":"https:\/\/api.w.org\/{rel}","templated":true}]}}