{"id":18184,"date":"2022-11-30T07:03:58","date_gmt":"2022-11-30T07:03:58","guid":{"rendered":"https:\/\/profeel.bzh\/wordpress\/?p=18184"},"modified":"2022-11-30T07:03:58","modified_gmt":"2022-11-30T07:03:58","slug":"rencontre-deplacement","status":"publish","type":"post","link":"https:\/\/profeel.bzh\/wordpress\/rencontre-deplacement\/","title":{"rendered":"Rencontre deplacement"},"content":{"rendered":"<p>Oct 27, 2021 Marine Le Pen \u00e9tait en Hongrie, mardi 26 octobre, pour rencontrer Viktor Orban. Le Premier ministre hongrois a d\u00e9roul\u00e9 le tapis rouge \u00e0 la Oct 31, 2013 Le premier \u00e9tait \u00e0 Lyon, mercredi 30 octobre 2013, pour un d\u00e9placement technique sur la question du percement des sols par tunnelier Dec 23, 2020 M. Kitaoka, au Vietnam: Premier d\u00e9placement \u00e0 l\u00e9tranger depuis. Il a rencontr\u00e9 le premier ministre Nguy\u1ec5n Xu\u00e2n Ph\u00fac et adress\u00e9 un 6 hours ago Paris AFP-Le pr\u00e9sident fran\u00e7ais Emmanuel Macron a annul\u00e9 vendredi le d\u00e9placement quil devait effectuer au Mali pour rencontrer le Oct 18, 2021 Avant de rencontrer son homologue italien Mario Draghi, Jean Castex a \u00e9t\u00e9 re\u00e7u lundi matin \u00e0 Rome par le pape Fran\u00e7ois. Il lui a rem Oct 24, 2021 Ce d\u00e9placement en Hongrie vise, pour la candidate RN \u00e0 tenter de reprendre du terrain sur le pol\u00e9miste, qui la talonne dans les sondages Jan 15, 2019 La rencontre pr\u00e9vue entre le pr\u00e9sident et les \u00e9diles pour lancer. D\u00e9placement de Macron dans lEure: le scepticisme des maires normands 4 days ago Ce d\u00e9placement a \u00e9t\u00e9 loccasion pour le Pr\u00e9sident de la R\u00e9publique. Heureux que notre rencontre intervienne cette ann\u00e9e, qui est aussi <img decoding=\"async\" src=\"https:\/\/cdn-s-www.bienpublic.com\/images\/A5FC928E-FCD6-48B6-AFFC-E62ABA0B8E3B\/NW_raw\/en-deplacement-en-cote-d-or-ce-mardi-le-leader-du-mouvement-generation-s-benoit-hamon-a-rencontre-plusieurs-representants-syndicaux-du-chs-de-la-chartreuse-en-debut-d-apres-midi-a-dijon-accompagne-notamment-de-la-conseillere-departementale-du-canton-de-talant-christine-renaudin-jacques-photo-philippe-bruchot-1520349421.jpg\" alt=\"rencontre deplacement\" align=\"left\"> Apr 23, 2021 Pour rappel, lUBB avait d\u00e9clar\u00e9 trois nouveaux cas positifs ce lundi, obligeant la Ligue nationale de rugby \u00e0 d\u00e9caler la rencontre \u00e0 \u00c9tat civil: C\u00e9libataire Orientation: Homosexuelle Ici pour: Rencontre amicale Occupation: commercial Astrologie: B\u00e9lier Membre depuis: Septembre 2011 <img decoding=\"async\" src=\"https:\/\/c8.alamy.com\/compfr\/2f242jh\/degen-a-rencontre-ijzeren-korf-en-kruissang-degen-avec-deformee-deplacement-parals-bouton-en-fer-avec-pneus-verticaux-en-cuivre-autocollant-incomplet-2f242jh.jpg\" alt=\"rencontre deplacement\" align=\"center\"> May 17, 2021 La ministre a aussi rencontr\u00e9, ce lundi, les responsables \u00e9conomiques de la r\u00e9gion pour accompagner au mieux la reprise de lactivit\u00e9 dans De tr\u00e8s nombreux exemples de phrases traduites contenant d\u00e9placement et rencontre Dictionnaire anglais-fran\u00e7ais et moteur de recherche de traductions Oct 15, 2019 Je dois me d\u00e9placer jusqu\u00e0 Toulouse durant quelques heures. Jaurais besoin de rencontrer des \u00eatres humains afin de pouvoir se certifier le Jul 20, 2020 D\u00e9placement du d\u00e9put\u00e9 Lo\u00efc Dombreval en mairie de Carros pour rencontre la nouvelle \u00e9quipe municipale, men\u00e9e par le maire Yannick Bernard <img decoding=\"async\" src=\"https:\/\/voi.img.pmdstatic.net\/fit\/http.3A.2F.2Fprd2-bone-image.2Es3-website-eu-west-1.2Eamazonaws.2Ecom.2Fvoi.2Fvar.2Fvoi.2Fstorage.2Fimages.2Fmedia.2Fmultiupload-du-26-mai-2017.2Fbrigitte-macron-melania-trump.2F10333046-1-fre-FR.2Fbrigitte-macron-melania-trump.2Ejpg\/1200x675\/quality\/80\/photos-brigitte-macron-rencontre-melania-trump-pour-son-premier-deplacement-officiel.jpg\" alt=\"rencontre deplacement\" align=\"center\"> Jun 6, 2021 Renaud Muselier est un homme politique fran\u00e7ais qui a \u00e9t\u00e9 d\u00e9put\u00e9 europ\u00e9en de 2014 \u00e0 2019 7 hours ago Paris-Emmanuel Macron a annul\u00e9 vendredi le d\u00e9placement quil devait effectuer au Mali pour rencontrer le pr\u00e9sident de la transition et P-O D\u00e9placement du Pr\u00e9sident Macron: rencontre de ses conseillers avec le syndicat UMIH66. Par admin le Nov 5, 2020 17 h 11 min Pas de commentaire 5 hours ago Le pr\u00e9sident fran\u00e7ais Emmanuel Macron a annul\u00e9 vendredi le d\u00e9placement quil devait effectuer au Mali pour rencontrer le pr\u00e9sident de la.<\/p>\n","protected":false},"excerpt":{"rendered":"<p>Oct 27, 2021 Marine Le Pen \u00e9tait en Hongrie, mardi 26 octobre, pour rencontrer Viktor Orban. Le Premier ministre hongrois a d\u00e9roul\u00e9 le tapis rouge \u00e0 la Oct 31, 2013 Le premier \u00e9tait \u00e0 Lyon, mercredi 30 octobre 2013, pour un d\u00e9placement technique sur la question du percement des sols par tunnelier Dec 23, 2020 [&hellip;]<\/p>\n","protected":false},"author":1,"featured_media":0,"comment_status":"closed","ping_status":"closed","sticky":false,"template":"","format":"standard","meta":{"footnotes":""},"categories":[],"tags":[],"class_list":["post-18184","post","type-post","status-publish","format-standard","hentry"],"_links":{"self":[{"href":"https:\/\/profeel.bzh\/wordpress\/wp-json\/wp\/v2\/posts\/18184","targetHints":{"allow":["GET"]}}],"collection":[{"href":"https:\/\/profeel.bzh\/wordpress\/wp-json\/wp\/v2\/posts"}],"about":[{"href":"https:\/\/profeel.bzh\/wordpress\/wp-json\/wp\/v2\/types\/post"}],"author":[{"embeddable":true,"href":"https:\/\/profeel.bzh\/wordpress\/wp-json\/wp\/v2\/users\/1"}],"replies":[{"embeddable":true,"href":"https:\/\/profeel.bzh\/wordpress\/wp-json\/wp\/v2\/comments?post=18184"}],"version-history":[{"count":0,"href":"https:\/\/profeel.bzh\/wordpress\/wp-json\/wp\/v2\/posts\/18184\/revisions"}],"wp:attachment":[{"href":"https:\/\/profeel.bzh\/wordpress\/wp-json\/wp\/v2\/media?parent=18184"}],"wp:term":[{"taxonomy":"category","embeddable":true,"href":"https:\/\/profeel.bzh\/wordpress\/wp-json\/wp\/v2\/categories?post=18184"},{"taxonomy":"post_tag","embeddable":true,"href":"https:\/\/profeel.bzh\/wordpress\/wp-json\/wp\/v2\/tags?post=18184"}],"curies":[{"name":"wp","href":"https:\/\/api.w.org\/{rel}","templated":true}]}}