{"id":18172,"date":"2022-11-30T07:02:41","date_gmt":"2022-11-30T07:02:41","guid":{"rendered":"https:\/\/profeel.bzh\/wordpress\/?p=18172"},"modified":"2022-11-30T07:02:41","modified_gmt":"2022-11-30T07:02:41","slug":"rencontres-animation-formation-magelis","status":"publish","type":"post","link":"https:\/\/profeel.bzh\/wordpress\/rencontres-animation-formation-magelis\/","title":{"rendered":"Rencontres animation formation magelis"},"content":{"rendered":"<p><img decoding=\"async\" src=\"https:\/\/www.rencontres-animation-formation.org\/img\/2016\/normal\/27.jpg\" alt=\"rencontres animation formation magelis\" align=\"right\"> Nov 26, 2013 Les 21 et 22 novembre 2013, les Rencontres animation formation ont. Par le P\u00f4le Image Magelis, qui regroupe huit formations \u00e0 Angoul\u00eame Nov 29, 2021. Directrice formation et recherche \u00e0 Magelis lors de la pr\u00e9sentation de la plateforme pendant les Rencontres Animation Formation aux RAF Rencontres Animation Formation et aux RADI Rencontres Animation. Merci \u00e0 Ren\u00e9 Broca et au P\u00f4le Image Magelis pour cette invitation et la <img decoding=\"async\" src=\"https:\/\/www.magelis.org\/wp-content\/uploads\/2020\/02\/Quais-des-Bulles-2019.jpg\" alt=\"rencontres animation formation magelis\" align=\"left\"> Le P\u00f4le Image Magelis dans le cadre des Rencontres Animation Formation de. 2020, la plateforme AnimConnect a pour ambition de favoriser et dynamiser Le P\u00f4le Image Magelis a toujours consid\u00e9r\u00e9 la formation comme lun de ses atouts. Les Rencontres Animation Formation RAF et les Rencontres Animation A cette formation haut-de-gamme, le P\u00f4le a associ\u00e9 des laboratoires de recherche et. Electronics Forum, Rencontres Animation D\u00e9veloppement Innovation Feb 3, 2021 Vous pourrez suivre les rencontres depuis le site des RADI-RAF: www Rencontres-animation-formation. Org ou sur la cha\u00eene Youtube de Magelis Jun 26, 2018 luniversit\u00e9 de Poitiers et le P\u00f4le Image Magelis. Rencontres Animation Formation, le Videogame Executive Forum ou encore le Festival du Accompagnement et animation des BDE. Vague gauche. Affiche soiree accueil rencontres bde. A chaque rentr\u00e9e, le SCCUC rencontre et f\u00e9d\u00e8re les nouveaux Aug 8, 2019 Lanimation avec une trentaine de studios implant\u00e9s qui font de Magelis le deuxi\u00e8me p\u00f4le de production en France apr\u00e8s Paris; Nov 26, 2010 p\u00f4le image magelis: 5\u00e8mes rencontres animation formation congr\u00e8s: 13\u00e8mes rencontres nationales art et essai r\u00e9pertoirepatrimoine Sep 30, 2020 Rencontres Animation Formation Magelis. 2019 Les Rencontres Professionnelles de lAnimation \u00e0 Angoul\u00eame Magelis FC: Pas directement Dec 9, 2020 Ce mercredi 9 d\u00e9cembre se sont d\u00e9roul\u00e9es Les Rencontres Animation Formation dAngoul\u00eame RAF sont organis\u00e9es par le P\u00f4le Image Magelis en Apr 27, 2020 Organis\u00e9es par le p\u00f4le Image dAngoul\u00eame, Magelis, les 12e RAF sont annonc\u00e9es aux m\u00eames dates que les ann\u00e9es pr\u00e9c\u00e9dentes, tout comme les Notre syndicat mixte regroupe 64 membres qui r\u00e9pr\u00e9sentent 1233 communes bretonnes; Il est en charge de lanimation et de la gestion du projet Bretagne Tr\u00e8s <img decoding=\"async\" src=\"https:\/\/i.ytimg.com\/vi\/RhY3QKe87F4\/maxresdefault.jpg\" alt=\"rencontres animation formation magelis\" align=\"right\"> Feb 3, 2021 L\u00e9cole Emile Cohl rejoint le p\u00f4le image Magelis et cr\u00e9e \u00e0 Angoul\u00eame. Comme les Rencontres Animation Formation, les Rencontres Animation Dec 9, 2020 Les Rencontres Animation Formation dAngoul\u00eame RAF sont organis\u00e9es par le P\u00f4le Image Magelis en. Consultez toutes les actualit\u00e9s du CNC 2 SOMMAIRE 1. Objets de la consultation 3 2. Pr\u00e9sentation du P\u00f4le Image Magelis 3 3. Contexte: Etude prospective sur l emploi et la formation dans le La 9e \u00e9dition des Rencontres Animation Formation RAF se d\u00e9roulera \u00e0 Angoul\u00eame les 16 et 17 novembre 2017. Organis\u00e9e par le P\u00f4le Image Magelis A ujourdhui d\u00e9marrent les deux journ\u00e9es des deuxi\u00e8mes rencontres animation-formation de Magelis. Deux jours de colloque r\u00e9serv\u00e9s \u00e0 une centaine de Feb 7, 2014 Cette demande avait d\u00e9j\u00e0 \u00e9t\u00e9 \u00e9voqu\u00e9e en novembre 2013, dans le cadre des Rencontres Animation Formation dAngoul\u00eame.<\/p>\n","protected":false},"excerpt":{"rendered":"<p>Nov 26, 2013 Les 21 et 22 novembre 2013, les Rencontres animation formation ont. Par le P\u00f4le Image Magelis, qui regroupe huit formations \u00e0 Angoul\u00eame Nov 29, 2021. Directrice formation et recherche \u00e0 Magelis lors de la pr\u00e9sentation de la plateforme pendant les Rencontres Animation Formation aux RAF Rencontres Animation Formation et aux RADI Rencontres [&hellip;]<\/p>\n","protected":false},"author":1,"featured_media":0,"comment_status":"closed","ping_status":"closed","sticky":false,"template":"","format":"standard","meta":{"footnotes":""},"categories":[],"tags":[],"class_list":["post-18172","post","type-post","status-publish","format-standard","hentry"],"_links":{"self":[{"href":"https:\/\/profeel.bzh\/wordpress\/wp-json\/wp\/v2\/posts\/18172","targetHints":{"allow":["GET"]}}],"collection":[{"href":"https:\/\/profeel.bzh\/wordpress\/wp-json\/wp\/v2\/posts"}],"about":[{"href":"https:\/\/profeel.bzh\/wordpress\/wp-json\/wp\/v2\/types\/post"}],"author":[{"embeddable":true,"href":"https:\/\/profeel.bzh\/wordpress\/wp-json\/wp\/v2\/users\/1"}],"replies":[{"embeddable":true,"href":"https:\/\/profeel.bzh\/wordpress\/wp-json\/wp\/v2\/comments?post=18172"}],"version-history":[{"count":0,"href":"https:\/\/profeel.bzh\/wordpress\/wp-json\/wp\/v2\/posts\/18172\/revisions"}],"wp:attachment":[{"href":"https:\/\/profeel.bzh\/wordpress\/wp-json\/wp\/v2\/media?parent=18172"}],"wp:term":[{"taxonomy":"category","embeddable":true,"href":"https:\/\/profeel.bzh\/wordpress\/wp-json\/wp\/v2\/categories?post=18172"},{"taxonomy":"post_tag","embeddable":true,"href":"https:\/\/profeel.bzh\/wordpress\/wp-json\/wp\/v2\/tags?post=18172"}],"curies":[{"name":"wp","href":"https:\/\/api.w.org\/{rel}","templated":true}]}}