{"id":18168,"date":"2022-11-30T07:02:05","date_gmt":"2022-11-30T07:02:05","guid":{"rendered":"https:\/\/profeel.bzh\/wordpress\/?p=18168"},"modified":"2022-11-30T07:02:05","modified_gmt":"2022-11-30T07:02:05","slug":"rencontre-camus-sartre","status":"publish","type":"post","link":"https:\/\/profeel.bzh\/wordpress\/rencontre-camus-sartre\/","title":{"rendered":"Rencontre camus sartre"},"content":{"rendered":"<p>Feb 1, 2018 Jean-Paul Sartre et Albert Camus dans latelier de Pablo Picasso, Leur premi\u00e8re rencontre a lieu dans le Paris de lOccupation Aug 7, 2013 Mon cher Sartre, voici vos ors que je sertis de remerciements, y \u00e9crit Camus sur papier \u00e0 en-t\u00eate de sa maison d\u00e9dition, Gallimard, en s 1 day ago. On lit plus volontiers Albert Camus, penseur du colonialisme, chantre du rejet de lArabe voir LEtranger, Jean-Paul Sartre Jan 4, 2020 ARCHIVE. Trois jours apr\u00e8s la mort dAlbert Camus, Sartre avait rendu hommage, dans France Observateur, \u00e0 lami avec lequel il \u00e9tait Nov 26, 2014 Une longue lettre in\u00e9dite dAlbert Camus \u00e0 Jean-Paul Sartre, dans laquelle il plaide la cause dune actrice, vient d\u00eatre retrouv\u00e9e La Une de Combat, le 28 ao\u00fbt 44, avec le d\u00e9but dun reportage sign\u00e9 Sartre, qui continuera jusquau 4 septembre, sous le titre Un promeneur dans Paris insurg\u00e9 By V Mazza 2017 Type de publication: Chapitre douvrage; Ouvrage: Albert Camus et L\u00c9tat de si\u00e8ge. Gen\u00e8se dun spectacle; Pages: 35 \u00e0 57; Collection: \u00c9tudes Mar 17, 2017 Aujourdhui lhistoire-La relation tumultueuse en Jean-Paul Sartre et Albert Camus-Lamiti\u00e9 entre Sartre et Camus tourne au vinaigre au La carri\u00e8re dAlban Dupa, seulement 23 ans, a connu son lot de rebondissements. De ses d\u00e9buts dans sa Charente-Maritime natale, \u00e0 Royan, avec son p\u00e8re comme <img decoding=\"async\" src=\"https:\/\/www.revuedesdeuxmondes.fr\/wp-content\/uploads\/2019\/09\/Camus-vs-Sartre.jpg\" alt=\"rencontre camus sartre\" align=\"right\"> Aug 19, 2013 Mon cher Sartre. Je vous souhaite ainsi quau castor de beaucoup travailler. Faites-moi signe \u00e0 votre retour et nous passerons Roger Quilliot, homme politique et sp\u00e9cialiste dAlbert Camus, auteur de L <img decoding=\"async\" src=\"http:\/\/sprachen.kanti-chur.ch\/Webquest\/Albert Camus\/sartre_de_beauvoir.jpg\" alt=\"rencontre camus sartre\" align=\"center\"> Aug 7, 2013 Mon cher Sartre. Faites-moi signe \u00e0 votre retour et nous passerons une soir\u00e9e d\u00e9gag\u00e9e: un petit mot in\u00e9dit dAlbert Camus \u00e0 Surcro\u00eet il associe sans aucune nuance Sartre et Camus, ce qui se fit souvent \u00e0 cette \u00e9poque. Apr\u00e8s avoir dit la sagesse du Quitte-moi de M\u00e9nalque, le Aug 8, 2013 Un petit mot in\u00e9dit dAlbert Camus \u00e0 Jean-Paul Sartre retrouv\u00e9 par deux libraires Orl\u00e9anais, Herv\u00e9 et Eva Valentin, dans un livre achet\u00e9 \u00e0 Nov 5, 2021 Le th\u00e9\u00e2tre de Jean-Paul Sartre et dAlbert Camus. Colloque international. 3, 4 et 5 novembre 2021. Coll\u00e8ge dEspagne, Cit\u00e9 internationale Feb 18, 2020 Sartre est connu aussi comme le compagnon de Simone de Beauvoir. 1943: Premire rencontre physique entre Camus et Sartre la premire des 10 d\u00e9cembre 1957: Albert Camus Prix Nobel de litt\u00e9rature. Notamment Simone de Beauvoir et Jean-Paul Sartre, en une formule brutale: Sil faut choisir Le centenaire de la naissance dAlbert Camus offre loccasion, entre autres, de revenir sur la question des rapports avec Sartre. Et ce dans lesprit dune Jan 4, 2020 Trois jours apr\u00e8s la mort dAlbert Camus, Sartre avait rendu hommage \u00e0 lami avec lequel il \u00e9tait brouill\u00e9. Voici son texte Nov 26, 2014 Une longue lettre in\u00e9dite dAlbert Camus \u00e0 Jean-Paul Sartre vient d\u00eatre retrouv\u00e9e, confirmant par son ton amical les excellentes relations <img decoding=\"async\" src=\"http:\/\/maliphane.free.fr\/images\/Camus_Combat_1007.jpg\" alt=\"rencontre camus sartre\" align=\"center\"> 4 days ago Dirig\u00e9e par le philosophe Benny L\u00e9vy, qui est aussi le secr\u00e9taire de Sartre, la GP poss\u00e8de son journal, la Cause du peuple.<\/p>\n","protected":false},"excerpt":{"rendered":"<p>Feb 1, 2018 Jean-Paul Sartre et Albert Camus dans latelier de Pablo Picasso, Leur premi\u00e8re rencontre a lieu dans le Paris de lOccupation Aug 7, 2013 Mon cher Sartre, voici vos ors que je sertis de remerciements, y \u00e9crit Camus sur papier \u00e0 en-t\u00eate de sa maison d\u00e9dition, Gallimard, en s 1 day ago. On [&hellip;]<\/p>\n","protected":false},"author":1,"featured_media":0,"comment_status":"closed","ping_status":"closed","sticky":false,"template":"","format":"standard","meta":{"footnotes":""},"categories":[],"tags":[],"class_list":["post-18168","post","type-post","status-publish","format-standard","hentry"],"_links":{"self":[{"href":"https:\/\/profeel.bzh\/wordpress\/wp-json\/wp\/v2\/posts\/18168","targetHints":{"allow":["GET"]}}],"collection":[{"href":"https:\/\/profeel.bzh\/wordpress\/wp-json\/wp\/v2\/posts"}],"about":[{"href":"https:\/\/profeel.bzh\/wordpress\/wp-json\/wp\/v2\/types\/post"}],"author":[{"embeddable":true,"href":"https:\/\/profeel.bzh\/wordpress\/wp-json\/wp\/v2\/users\/1"}],"replies":[{"embeddable":true,"href":"https:\/\/profeel.bzh\/wordpress\/wp-json\/wp\/v2\/comments?post=18168"}],"version-history":[{"count":0,"href":"https:\/\/profeel.bzh\/wordpress\/wp-json\/wp\/v2\/posts\/18168\/revisions"}],"wp:attachment":[{"href":"https:\/\/profeel.bzh\/wordpress\/wp-json\/wp\/v2\/media?parent=18168"}],"wp:term":[{"taxonomy":"category","embeddable":true,"href":"https:\/\/profeel.bzh\/wordpress\/wp-json\/wp\/v2\/categories?post=18168"},{"taxonomy":"post_tag","embeddable":true,"href":"https:\/\/profeel.bzh\/wordpress\/wp-json\/wp\/v2\/tags?post=18168"}],"curies":[{"name":"wp","href":"https:\/\/api.w.org\/{rel}","templated":true}]}}