{"id":18165,"date":"2022-11-30T07:02:00","date_gmt":"2022-11-30T07:02:00","guid":{"rendered":"https:\/\/profeel.bzh\/wordpress\/?p=18165"},"modified":"2022-11-30T07:02:00","modified_gmt":"2022-11-30T07:02:00","slug":"rencontres-d-ete-theatre-et-lecture","status":"publish","type":"post","link":"https:\/\/profeel.bzh\/wordpress\/rencontres-d-ete-theatre-et-lecture\/","title":{"rendered":"Rencontres d ete theatre et lecture"},"content":{"rendered":"<p><img decoding=\"async\" src=\"https:\/\/www.ville-houlgate.fr\/wp-content\/uploads\/2020\/12\/UNADJUSTEDNONRAW_thumb_5c94.jpg\" alt=\"rencontres d ete theatre et lecture\" align=\"center\"> Jul 16, 2020 Pour cette 19e \u00e9dition des Rencontres d\u00e9t\u00e9, th\u00e9\u00e2tre et lecture en Normandie, Philippe M\u00fcller et Vincent Vernillat, de la compagnie PMVV Le Jul 28, 2019 Le 28 et 29 juillet, Jean-Paul Farr\u00e9 sera aux 18\u00e8mes rencontres d\u00e9t\u00e9 Th\u00e9\u00e2tre et lecture en Normandie \u00e0 Trouville-sur-mer Quelle joie de pouvoir reprendre les RDV Litt\u00e9raires en chair et en os. Une rencontre pleine d\u00e9changes et de bons conseils: nos mordues de lecture ont de Les 46es Rencontres d\u00e9t\u00e9. Laurent Gaud\u00e9-lectures La Cit\u00e9 des Malles. 10 juillet. Matthieu Roy-projet th\u00e9\u00e2tre musique. 17 juillet du livre et de la lecture, est le fruit dun rebondissement. Au cours de rencontres p\u00e9riodiques au Printemps et en novembre, les projets litt\u00e9raires Il donna en plusieurs rencontres des font ass\u00e8s voir quil n\u00e9toit pas trop bien. Quil pouvoit reciter par c\u00e6ur Sance. Un livre \u00e0 la premiere lecture Ce sera du 18 juillet au 23 ao\u00fbt quaura lieu la 19e \u00e9dition des rencontres d\u00e9t\u00e9 en Normandie autour du th\u00e9\u00e2tre et de la lecture <img decoding=\"async\" src=\"https:\/\/i.f1g.fr\/media\/figaro\/493x178_crop\/2018\/07\/11\/XVM4a33cee8-8524-11e8-91a6-19f7747142a6.jpg\" alt=\"rencontres d ete theatre et lecture\" align=\"center\"> Retrouvez toute lactualit\u00e9 en France et dans le monde, les informations politiques, \u00e9conomiques et religieuses. La r\u00e9daction de La Croix d\u00e9crypte pour vous Depuis l\u00e9t\u00e9 2002, la Compagnie organise les Rencontres d\u00e9t\u00e9 th\u00e9\u00e2tre lecture en Normandie, un festival \u00e0 Houlgate et Trouville-sur-mer \u00e0 destination Les Rencontres d\u00e9t\u00e9 th\u00e9\u00e2tre lecture 2015 sont \u00e0 la fois: un festival th\u00e9\u00e2tral Textes en sc\u00e8ne, ; un programme de rencontres litt\u00e9raires, ; des \u00e9v\u00e9nements Jun 30, 2021 dattractions litt\u00e9raires, activit\u00e9s de plein air, lectures immersives, Rencontres d\u00e9t\u00e9 th\u00e9\u00e2tre lecture en Normandie 20e Du 17 juillet au 22 ao\u00fbt, retrouvez Rencontres d\u00e9t\u00e9 th\u00e9\u00e2tre lecture en. A laffiche: Spectacles, lectures musicales, performances, rencontres et Jun 26, 2017 Rencontres d\u00e9t\u00e9 Th\u00e9\u00e2tre Lecture en Normandie-Festival-Organisme professionnel au service des professionnels du spectacle vivant qui 18 hours ago Devant le collectif citoyens contre le coup dEtat, qui manifeste. Sur les marches du th\u00e9atre municipal pour exprimer leur soutien au Le festival Th\u00e9\u00e2tre et lecture en Normandie cest plus dun mois d\u00e9v\u00e9nements et de rencontres qui vous feront d\u00e9couvrir la Normandie dun \u0153il neuf Le Go\u00fbt des Autres souvrira le 20 janvier au Th\u00e9\u00e2tre de lH\u00f4tel de Ville THV par une lecture de Guillaume Gallienne, de la Com\u00e9die-Fran\u00e7aise <img decoding=\"async\" src=\"https:\/\/cine0819.hypotheses.org\/files\/2019\/07\/2019-06-28-10_05_54-FLASH\u2022RE_Brochure2019.indd_-193x500.png\" alt=\"rencontres d ete theatre et lecture\" align=\"right\"> Je nai pas \u00e9t\u00e9 confront\u00e9e, en revanche, \u00e0 une \u00e9tude qui interrogerait dans ce texte les court-circuits de. Voire pour proposer une lecture de ce texte.<\/p>\n","protected":false},"excerpt":{"rendered":"<p>Jul 16, 2020 Pour cette 19e \u00e9dition des Rencontres d\u00e9t\u00e9, th\u00e9\u00e2tre et lecture en Normandie, Philippe M\u00fcller et Vincent Vernillat, de la compagnie PMVV Le Jul 28, 2019 Le 28 et 29 juillet, Jean-Paul Farr\u00e9 sera aux 18\u00e8mes rencontres d\u00e9t\u00e9 Th\u00e9\u00e2tre et lecture en Normandie \u00e0 Trouville-sur-mer Quelle joie de pouvoir reprendre les RDV Litt\u00e9raires [&hellip;]<\/p>\n","protected":false},"author":1,"featured_media":0,"comment_status":"closed","ping_status":"closed","sticky":false,"template":"","format":"standard","meta":{"footnotes":""},"categories":[],"tags":[],"class_list":["post-18165","post","type-post","status-publish","format-standard","hentry"],"_links":{"self":[{"href":"https:\/\/profeel.bzh\/wordpress\/wp-json\/wp\/v2\/posts\/18165","targetHints":{"allow":["GET"]}}],"collection":[{"href":"https:\/\/profeel.bzh\/wordpress\/wp-json\/wp\/v2\/posts"}],"about":[{"href":"https:\/\/profeel.bzh\/wordpress\/wp-json\/wp\/v2\/types\/post"}],"author":[{"embeddable":true,"href":"https:\/\/profeel.bzh\/wordpress\/wp-json\/wp\/v2\/users\/1"}],"replies":[{"embeddable":true,"href":"https:\/\/profeel.bzh\/wordpress\/wp-json\/wp\/v2\/comments?post=18165"}],"version-history":[{"count":0,"href":"https:\/\/profeel.bzh\/wordpress\/wp-json\/wp\/v2\/posts\/18165\/revisions"}],"wp:attachment":[{"href":"https:\/\/profeel.bzh\/wordpress\/wp-json\/wp\/v2\/media?parent=18165"}],"wp:term":[{"taxonomy":"category","embeddable":true,"href":"https:\/\/profeel.bzh\/wordpress\/wp-json\/wp\/v2\/categories?post=18165"},{"taxonomy":"post_tag","embeddable":true,"href":"https:\/\/profeel.bzh\/wordpress\/wp-json\/wp\/v2\/tags?post=18165"}],"curies":[{"name":"wp","href":"https:\/\/api.w.org\/{rel}","templated":true}]}}