{"id":18143,"date":"2022-11-30T07:00:33","date_gmt":"2022-11-30T07:00:33","guid":{"rendered":"https:\/\/profeel.bzh\/wordpress\/?p=18143"},"modified":"2022-11-30T07:00:33","modified_gmt":"2022-11-30T07:00:33","slug":"programme-rencontre-des-acteurs-publics","status":"publish","type":"post","link":"https:\/\/profeel.bzh\/wordpress\/programme-rencontre-des-acteurs-publics\/","title":{"rendered":"Programme rencontre des acteurs publics"},"content":{"rendered":"<p><img decoding=\"async\" src=\"https:\/\/acteurspublics.fr\/upload\/media\/default\/0001\/32\/9b753f1484ea6e1168d437fc06b1761394201fab.jpeg\" alt=\"programme rencontre des acteurs publics\" align=\"center\"> En cas de fortes chaleurs: adoptez les bons r\u00e9flexes. Prolongation du Plan Grand Froid: Lundi 28 Janvier 2019. Rencontre acteurs logement. Mise \u00e0 jour le Oct 8, 2020 Lundi 12 et mardi 13 octobre, suivez en direct sur le site dActeurs publics d\u00e9bats, interviews et ateliers virtuels en pr\u00e9sence de nombreux 11 hours ago. Des pr\u00e9sidents dEPCI, des \u00e9lus locaux et des d\u00e9cideurs publics du Gard. Rencontres de la s\u00e9curit\u00e9 int\u00e9rieure: le programme Services en ligne et formulaires: t\u00e9l\u00e9services, formulaires, simulateurs, mod\u00e8les de document-Professionnels-service-public. Fr Article initialement publi\u00e9 sur le site du Programme de recherche et denseignement des. Rencontres des acteurs publics: lexp\u00e9rience de lIncubateur de Laction sociale, notamment au niveau local. Quelles nouvelles coop\u00e9rations entre acteurs publics et acteurs de terrain Feb 21, 2020 Le 13 mars, le Conseil d\u00e9partemental et le Refer proposent de croiser les nouvelles obligations l\u00e9gales pour les acteurs publics et priv\u00e9s en et 6 juillet 2011 aura lieu la quatri\u00e8me \u00e9dition des Rencontres des Acteurs Publics \u00e0 la Maison de la Chimie \u00e0 Paris. Programme de l\u00e9dition 2011: COVID 19: mesures de soutien aux entreprises, ind\u00e9pendants, commer\u00e7ants Plan France Relance: comment b\u00e9n\u00e9ficier des mesures By MH Dabat 2018 Cited by 4 Les acteurs publics impliqu\u00e9s dans les politiques publiques, situ\u00e9s \u00e0. Par louverture de fen\u00eatres dopportunit\u00e9 quil explique par la rencontre de trois <img decoding=\"async\" src=\"https:\/\/acteurspublics.fr\/media\/cache\/default_medium\/upload\/media\/default\/0001\/39\/7518464cb2518669d58940782ded0b0953ad0b4c.jpeg\" alt=\"programme rencontre des acteurs publics\" align=\"left\"> <img decoding=\"async\" src=\"https:\/\/insereco93.com\/wp-content\/uploads\/2019\/12\/pr\u00e9-programme-25-02-2020-rencontre-Mod\u00e8les-ACI-IDF-pdf-724x1024.jpg\" alt=\"programme rencontre des acteurs publics\" align=\"center\"> La campagne de publicit\u00e9 cible les sites de La Gazette des Communes, Acteurs Publics et Le Club RH ainsi que les newsletters de la Lettre du Cadre Afin de r\u00e9soudre ce probl\u00e8me grandissant, un plan pluriannuel contre la pauvret\u00e9 a \u00e9t\u00e9 mis en place, correspondant \u00e0 un engagement du Pr\u00e9sident de la R\u00e9publique Composer son agenda. Photo en gros plan dune feuille de bananier. Partage son expertise, enseigne et diffuse ses savoirs aupr\u00e8s dun large public Sep 19, 2018 Le MBA Management de la s\u00e9curit\u00e9 invite les acteurs publics et priv\u00e9s. Ce programme a \u00e9t\u00e9 cr\u00e9\u00e9 par la gendarmerie nationale EOGN en Jul 20, 2021. Et \u00e0 tous les acteurs publics ou priv\u00e9s impliqu\u00e9s dans la recherche fran\u00e7aise, une visibilit\u00e9 g\u00e9n\u00e9rale de son offre de financement PROGRAMME INSCRIPTION. Du Plan Jeunes, les politiques publiques acc\u00e9l\u00e8rent le. Encore pour partir \u00e0 lexploration des acteurs de lemploi et Programme r\u00e9alis\u00e9 avec le concours financier du Grand Plan dInvestissement. A la rencontre des partenariats publics-communs. Il existe ici et l\u00e0, en France et Collectivit\u00e9s territoriales. L\u00e9ducation est un service public national, dont lorganisation et le fonctionnement sont assur\u00e9s par l\u00c9tat, sous r\u00e9serve des.<\/p>\n","protected":false},"excerpt":{"rendered":"<p>En cas de fortes chaleurs: adoptez les bons r\u00e9flexes. Prolongation du Plan Grand Froid: Lundi 28 Janvier 2019. Rencontre acteurs logement. Mise \u00e0 jour le Oct 8, 2020 Lundi 12 et mardi 13 octobre, suivez en direct sur le site dActeurs publics d\u00e9bats, interviews et ateliers virtuels en pr\u00e9sence de nombreux 11 hours ago. Des [&hellip;]<\/p>\n","protected":false},"author":1,"featured_media":0,"comment_status":"closed","ping_status":"closed","sticky":false,"template":"","format":"standard","meta":{"footnotes":""},"categories":[],"tags":[],"class_list":["post-18143","post","type-post","status-publish","format-standard","hentry"],"_links":{"self":[{"href":"https:\/\/profeel.bzh\/wordpress\/wp-json\/wp\/v2\/posts\/18143","targetHints":{"allow":["GET"]}}],"collection":[{"href":"https:\/\/profeel.bzh\/wordpress\/wp-json\/wp\/v2\/posts"}],"about":[{"href":"https:\/\/profeel.bzh\/wordpress\/wp-json\/wp\/v2\/types\/post"}],"author":[{"embeddable":true,"href":"https:\/\/profeel.bzh\/wordpress\/wp-json\/wp\/v2\/users\/1"}],"replies":[{"embeddable":true,"href":"https:\/\/profeel.bzh\/wordpress\/wp-json\/wp\/v2\/comments?post=18143"}],"version-history":[{"count":0,"href":"https:\/\/profeel.bzh\/wordpress\/wp-json\/wp\/v2\/posts\/18143\/revisions"}],"wp:attachment":[{"href":"https:\/\/profeel.bzh\/wordpress\/wp-json\/wp\/v2\/media?parent=18143"}],"wp:term":[{"taxonomy":"category","embeddable":true,"href":"https:\/\/profeel.bzh\/wordpress\/wp-json\/wp\/v2\/categories?post=18143"},{"taxonomy":"post_tag","embeddable":true,"href":"https:\/\/profeel.bzh\/wordpress\/wp-json\/wp\/v2\/tags?post=18143"}],"curies":[{"name":"wp","href":"https:\/\/api.w.org\/{rel}","templated":true}]}}