{"id":18129,"date":"2022-11-30T06:59:40","date_gmt":"2022-11-30T06:59:40","guid":{"rendered":"https:\/\/profeel.bzh\/wordpress\/?p=18129"},"modified":"2022-11-30T06:59:40","modified_gmt":"2022-11-30T06:59:40","slug":"rencontre-colombia","status":"publish","type":"post","link":"https:\/\/profeel.bzh\/wordpress\/rencontre-colombia\/","title":{"rendered":"Rencontre colombia"},"content":{"rendered":"<p>Le plus, en voyage solidaire en Colombie, cest que vous prendrez le temps de la rencontre et vivrez de beaux moments de partage avec vos h\u00f4tes Cest la rencontre de deux ambitions: le sens du rythme et celui du r\u00e9cit. Un \u00e9v\u00e9nement du pass\u00e9 mis en r\u00e9cit par un texte original, des archives et des Fais de nouvelles rencontres en Colombie. Chat Date est une mani\u00e8re sympa de faire connaissance en Colombie, discuter, samuser et pourquoi pas rencontrer <img decoding=\"async\" src=\"https:\/\/cloudfront-us-east-1.images.arcpublishing.com\/infobae\/CEWEWZVJINEGPOPFKJ557VE7LY.jpg\" alt=\"rencontre colombia\" align=\"center\"> Jun 17, 2013 LAgence Pr\u00e9sidentielle de la coop\u00e9ration internationale de Colombie APC-Colombia organise, les 27 et 28 Juin 2013, les 5e rencontres de Oct 20, 2021 Nous participerons \u00e0 lexposition EXPOSOLAR COLOMBIA en Colombie du 20 au 22 octobre 2021, o\u00f9 nous serons pr\u00e9sents en ligne Sep 25, 2018 Les histoires sont nombreuses et diff\u00e9rentes. Il y a ceux qui ont rencontr\u00e9 quelquun lors dun voyage et se sont d\u00e9cid\u00e9s \u00e0 sy installer. Ceux Sep 5, 2019 En Colombie, Ivanka Trump a rencontr\u00e9 des r\u00e9fugi\u00e9s v\u00e9n\u00e9zu\u00e9liens, qui ont travers\u00e9 la fronti\u00e8re pour fuir la crise dans leur pays Oct 10, 2021 Diffusion, horaire, compositions probables, retrouvez toutes les infos pratiques de la rencontre. La Colombie de Falcao accueille le Br\u00e9sil du Mar 9, 2021 Ambassade de Colombie \u00e0 Paris 4 mars 2021: rencontre entre la Pr\u00e9sidente du R\u00e9seau international ALEC Dominique Gay-Sylvestre Jan 8, 1999 Le pr\u00e9sident colombien Andres Pastrana et Manuel Marulanda _ le plus vieux gu\u00e9rillero du monde _ devaient entamer jeudi, dans un bourg perdu Www Colombia-citas. Com Cest Le Site de Rencontre colombien Gratuit cest un Site damiti\u00e9 internationale pour Faire des Rencontres entre C\u00e9libataires Jun 18, 2019 La Colombie est le premier pays o\u00f9 peut \u00eatre utilis\u00e9 Dating, un site de rencontres du r\u00e9seau social Facebook permettant \u00e0 ses abonn\u00e9s de Nov 23, 2021 Colombie: Guterres rencontre dex-combattants des FARC, sinqui\u00e8te des ennemis de la paix. Par Le Figaro avec AFP. Publi\u00e9 le 23112021 \u00e0 Oct 11, 2021 Ce dimanche soir, la Colombie affrontait le Br\u00e9sil, dans le cadre de phases de qualification pour la Coupe du Monde 2022. Une rencontre qui Dec 8, 2021 Les enseignants et \u00e9tudiants de lAlliance latino-am\u00e9ricaine pour le renforcement des capacit\u00e9s en physique avanc\u00e9e LA-CoNGA physics se sont CelibatairesDuWeb est un site de rencontre gratuit. Envoyer des messages et rencontrer des c\u00e9libataires de Colombie. Faites de merveilleuses rencontres Jun 14, 2021 Edwin Cardona a inscrit lunique but de la rencontre sur une combinaison r\u00e9cit\u00e9e \u00e0 la perfection sur coup franc. Double-une deux, ext\u00e9rieur du 7 days ago Dans la jungle de Guaviare, dans le sud de la Colombie, Dune douzaine de b\u00fbcherons, pay\u00e9s par un patron quil na jamais rencontr\u00e9 Le pr\u00e9sident de lAssembl\u00e9e nationale rencontre des dirigeants de trois grands. Le Vietnam et la Colombie partagent leurs exp\u00e9riences dans la lutte 8 hours ago Lors du 10e Cabinet binational Colombie-\u00c9quateur, Pour sa part, Duque manifest\u00e9 le plaisir davoir cette rencontre avec Lasso Oct 7, 2021 La CCIF Colombie vous propose de participer \u00e0 la 5\u00e8me \u00e9dition des Rencontres dAffaires Internationales daffaires en Colombie \u00c0 la Une: rencontre entre le pr\u00e9sident et les contestataires en Colombie. Publi\u00e9 le: 10052021-17: 03. Le pr\u00e9sident colombien, Ivan Duque <img decoding=\"async\" src=\"https:\/\/www.culturecontact.org\/wp-content\/uploads\/RencontreColombia-02.jpg\" alt=\"rencontre colombia\" align=\"left\"> Sep 7, 2017 Voyage apostolique en Colombie: Rencontre avec les \u00e9v\u00eaques. En ce pays me conduisent \u00e0 vous rencontrer vous, les \u00e9v\u00eaques de la Colombie May 31, 2018 Mme Federica Mogherini a rencontr\u00e9 la d\u00e9l\u00e9gation de la commission syrienne pour les. Delegation of the European Union to Colombia Feb 19, 2009 Le chef adjoint du HCR sest rendu dans le sud-ouest de la Colombie, o\u00f9 il a rencontr\u00e9 des membres de tribus d\u00e9plac\u00e9s <img decoding=\"async\" src=\"https:\/\/www.auf.org\/wp-content\/uploads\/2017\/04\/image-6425.jpeg\" alt=\"rencontre colombia\" align=\"right\">.<\/p>\n","protected":false},"excerpt":{"rendered":"<p>Le plus, en voyage solidaire en Colombie, cest que vous prendrez le temps de la rencontre et vivrez de beaux moments de partage avec vos h\u00f4tes Cest la rencontre de deux ambitions: le sens du rythme et celui du r\u00e9cit. Un \u00e9v\u00e9nement du pass\u00e9 mis en r\u00e9cit par un texte original, des archives et des [&hellip;]<\/p>\n","protected":false},"author":1,"featured_media":0,"comment_status":"closed","ping_status":"closed","sticky":false,"template":"","format":"standard","meta":{"footnotes":""},"categories":[],"tags":[],"class_list":["post-18129","post","type-post","status-publish","format-standard","hentry"],"_links":{"self":[{"href":"https:\/\/profeel.bzh\/wordpress\/wp-json\/wp\/v2\/posts\/18129","targetHints":{"allow":["GET"]}}],"collection":[{"href":"https:\/\/profeel.bzh\/wordpress\/wp-json\/wp\/v2\/posts"}],"about":[{"href":"https:\/\/profeel.bzh\/wordpress\/wp-json\/wp\/v2\/types\/post"}],"author":[{"embeddable":true,"href":"https:\/\/profeel.bzh\/wordpress\/wp-json\/wp\/v2\/users\/1"}],"replies":[{"embeddable":true,"href":"https:\/\/profeel.bzh\/wordpress\/wp-json\/wp\/v2\/comments?post=18129"}],"version-history":[{"count":0,"href":"https:\/\/profeel.bzh\/wordpress\/wp-json\/wp\/v2\/posts\/18129\/revisions"}],"wp:attachment":[{"href":"https:\/\/profeel.bzh\/wordpress\/wp-json\/wp\/v2\/media?parent=18129"}],"wp:term":[{"taxonomy":"category","embeddable":true,"href":"https:\/\/profeel.bzh\/wordpress\/wp-json\/wp\/v2\/categories?post=18129"},{"taxonomy":"post_tag","embeddable":true,"href":"https:\/\/profeel.bzh\/wordpress\/wp-json\/wp\/v2\/tags?post=18129"}],"curies":[{"name":"wp","href":"https:\/\/api.w.org\/{rel}","templated":true}]}}