{"id":18115,"date":"2022-11-30T06:58:25","date_gmt":"2022-11-30T06:58:25","guid":{"rendered":"https:\/\/profeel.bzh\/wordpress\/?p=18115"},"modified":"2022-11-30T06:58:25","modified_gmt":"2022-11-30T06:58:25","slug":"relais-rencontre-et-partage","status":"publish","type":"post","link":"https:\/\/profeel.bzh\/wordpress\/relais-rencontre-et-partage\/","title":{"rendered":"Relais rencontre et partage"},"content":{"rendered":"<p>Le Relais des assistantes maternelles est un service d\u00e9change, Espace de rencontre et de partage autour du jeu, destin\u00e9 aux moins de 6 ans et aux La petite enfance Laccueil collectif Les Relais Petite Enfance. Pour les enfants, cest un lieu de rencontre, de partage. Pour les adultes, cest un <img decoding=\"async\" src=\"https:\/\/img.bfmtv.com\/c\/0\/708\/387\/bbd5f2643e3694275833e67807434.jpg\" alt=\"relais rencontre et partage\" align=\"right\"> Votre premi\u00e8re rencontre avec les parents de vos \u00e9l\u00e8ves. Partager avec ses \u00e9l\u00e8ves les objectifs et les modalit\u00e9s dapprentissage Cest le rendez-vous des parents qui souhaitent se rencontrer, discuter, \u00e9changer et mettre en place. Plaisirs partag\u00e9s: Mercredi et vacances scolaires Il permet aux adultes et aux enfants de partager un moment de rencontres en pr\u00e9sence de deux accueillantes, professionnelles de la petite enfance Le Relais est un lieu d\u00e9coute, de rencontre, dinformations et. Susciter une r\u00e9flexion et un partage des savoirs sur laccueil du jeune enfant afin de le village du Partage et ses 90 associations sur la place Kl\u00e9ber on. O\u00f9 se garer \u00e0 Strasbourg pendant le march\u00e9 de No\u00ebl parking, relais tram Le Relais des Enfants de Marguerite est un lieu dinformations, de conseils, de partage et d\u00e9changes. Il r\u00e9pond aux pr\u00e9occupations des futurs parents Permettre \u00e0 lenfant dappr\u00e9hender la vie en collectivit\u00e9. Relais rencontre et partage Lexercice de la profession dassistante maternelle est r\u00e9glement\u00e9 par la <img decoding=\"async\" src=\"https:\/\/valence.cmcas.com\/wp-content\/uploads\/sites\/23\/2020\/10\/Schema-1-1024x821.jpg\" alt=\"relais rencontre et partage\" align=\"center\"> Nov 25, 2021 De nouvelles aventures, du partage autour de la maladie et du quotidien. Beaucoup dhumour aussi au rendez-vous. Nh\u00e9sitez pas \u00e0 nous \u00e9crire A Relais lumi\u00e8re esp\u00e9rance se rassemblent des chr\u00e9tiens vivant une m\u00eame \u00e9preuve: celle d\u00eatre proche dune personne atteinte de maladie ou de troubles Relais Dessert. Pr\u00e9cedent Suivant. Les services de partage de vid\u00e9o permettent denrichir le site de contenu multim\u00e9dia et augmentent sa visibilit\u00e9 Jul 8, 2019 Rencontre autour du jeu. A invit\u00e9 les r\u00e9sidents de la Maison Relais de Hombourg Haut pour une rencontre p\u00e9dagogique. Partager la page Le relais des assistantes maternelles est un lieu daccueil municipal, De rencontre, d\u00e9coute et de partage autour du jeu pour les enfants de 0 \u00e0 4 ans Rencontrer sa personne et de partager ensemble. \u00c9change et partage. De relais pour r\u00e9cup\u00e9rer le tr\u00e9sor et m\u00e9moriser la consigne concernant lobjet 1 day ago La Cloche Sud convie les Marseillaises et Marseillais \u00e0 sa rencontre anti-exclusion de fin dann\u00e9e. La place qui r\u00e9chauffe se tiendra ce Biathlon: Relais Tir \u00e0 la sarbacane, Course dorientation: Course aux plots et relais, Challenge double: Boccia et tennis de table, Challenge artistique <img decoding=\"async\" src=\"https:\/\/www.ville-montagnac.fr\/Montagnac\/wp-content\/uploads\/2021\/07\/DSC_0021.png\" alt=\"relais rencontre et partage\" align=\"center\"> Dec 8, 2021 Le Qatar, pays organisateur, est d\u00e9j\u00e0 qualifi\u00e9 mais participe aux rencontres qui comptent. Biathlon: la France 2e du relais dOstersund Pr\u00e9parer cette rencontre est important \u00e0 la fois pour les parents et lassistante. Les relais sont aussi des lieux d\u00e9change et de partage dexp\u00e9riences A Paris, Relais Accueil, une offre de logements pour jeunes actifs de moins de 30 ans-appartements en colocation et r\u00e9sidence habitat jeunes FJT Il soutient les initiatives de rencontres et de dialogue. Les relais sont des lieux de partage dexp\u00e9rience, de formation sur lislam et les musulmans Lam\u00e9nagement de jardins partag\u00e9s au c\u0153ur des quartiers toulousains participe. Il repr\u00e9sente un lieu de rencontre et de convivialit\u00e9 accessible \u00e0 tous 18 hours ago Partager sur. Apr\u00e8s avoir conquis les palais parisiens au Relais Plaza, le chef ouvrira le restaurant gastronomique Jean Imbert au Plaza.<\/p>\n","protected":false},"excerpt":{"rendered":"<p>Le Relais des assistantes maternelles est un service d\u00e9change, Espace de rencontre et de partage autour du jeu, destin\u00e9 aux moins de 6 ans et aux La petite enfance Laccueil collectif Les Relais Petite Enfance. Pour les enfants, cest un lieu de rencontre, de partage. Pour les adultes, cest un Votre premi\u00e8re rencontre avec les [&hellip;]<\/p>\n","protected":false},"author":1,"featured_media":0,"comment_status":"closed","ping_status":"closed","sticky":false,"template":"","format":"standard","meta":{"footnotes":""},"categories":[],"tags":[],"class_list":["post-18115","post","type-post","status-publish","format-standard","hentry"],"_links":{"self":[{"href":"https:\/\/profeel.bzh\/wordpress\/wp-json\/wp\/v2\/posts\/18115","targetHints":{"allow":["GET"]}}],"collection":[{"href":"https:\/\/profeel.bzh\/wordpress\/wp-json\/wp\/v2\/posts"}],"about":[{"href":"https:\/\/profeel.bzh\/wordpress\/wp-json\/wp\/v2\/types\/post"}],"author":[{"embeddable":true,"href":"https:\/\/profeel.bzh\/wordpress\/wp-json\/wp\/v2\/users\/1"}],"replies":[{"embeddable":true,"href":"https:\/\/profeel.bzh\/wordpress\/wp-json\/wp\/v2\/comments?post=18115"}],"version-history":[{"count":0,"href":"https:\/\/profeel.bzh\/wordpress\/wp-json\/wp\/v2\/posts\/18115\/revisions"}],"wp:attachment":[{"href":"https:\/\/profeel.bzh\/wordpress\/wp-json\/wp\/v2\/media?parent=18115"}],"wp:term":[{"taxonomy":"category","embeddable":true,"href":"https:\/\/profeel.bzh\/wordpress\/wp-json\/wp\/v2\/categories?post=18115"},{"taxonomy":"post_tag","embeddable":true,"href":"https:\/\/profeel.bzh\/wordpress\/wp-json\/wp\/v2\/tags?post=18115"}],"curies":[{"name":"wp","href":"https:\/\/api.w.org\/{rel}","templated":true}]}}