{"id":18109,"date":"2022-11-30T06:58:06","date_gmt":"2022-11-30T06:58:06","guid":{"rendered":"https:\/\/profeel.bzh\/wordpress\/?p=18109"},"modified":"2022-11-30T06:58:06","modified_gmt":"2022-11-30T06:58:06","slug":"rencontre-du-pape-francois-avec-benoit-16","status":"publish","type":"post","link":"https:\/\/profeel.bzh\/wordpress\/rencontre-du-pape-francois-avec-benoit-16\/","title":{"rendered":"Rencontre du pape francois avec benoit 16"},"content":{"rendered":"<p>12 hours ago Comme Beno\u00eet XVI \u00e9lu pape \u00e0 78 ans, le pape Fran\u00e7ois na pas eu pour. Publics et de nombreuses rencontres de responsables politiques et Mar 23, 2013 CASTEL GANDOLFO, Italie Le pape Fran\u00e7ois est arriv\u00e9 en h\u00e9licopt\u00e8re samedi au palais pontifical de Castel Gandolfo afin de rencontrer son <img decoding=\"async\" src=\"https:\/\/wp.fr.aleteia.org\/wp-content\/uploads\/sites\/6\/2020\/09\/POPE-FRANCIS-BENEDICT-000_DV1599284.jpg\" alt=\"rencontre du pape francois avec benoit 16\" align=\"left\"> Mar 23, 2013 Nous sommes fr\u00e8res. Ces deux paroles adress\u00e9es par le Pape Fran\u00e7ois \u00e0 Beno\u00eet XVI suffisent \u00e0 d\u00e9crire le climat de la rencontre de ce matin Dec 1, 2020 Benoit-XVIle-Francois-28-novembre-2020_0. Benoit XVI avec le pape Fran\u00e7ois, le 28 novembre 2020. VATICAN MEDIA HANDOUTEPAMAXPPP Nov 26, 2021 Emmanuel Macron rencontre ce vendredi et pour la deuxi\u00e8me fois le pape Fran\u00e7ois, qui na jamais visit\u00e9 la France 12 hours ago Son pr\u00e9d\u00e9cesseur, le pape Beno\u00eet XVI, a pris sa retraite \u00e0 l\u00e2ge de 85 ans. Ci-dessus, Fran\u00e7ois assiste \u00e0 une rencontre avec des pr\u00eatres Oct 5, 2017 RCF-Les pr\u00eatres et le pape \u00e9merite Benoit XVI. Loccasion de rencontrer les papes Fran\u00e7ois et Beno\u00eet XVI jeudi 5 octobre 2017 <img decoding=\"async\" src=\"https:\/\/s.france24.com\/media\/display\/dddc66fa-143f-11e9-ab5e-005056a964fe\/w:1280\/p:4x3\/popes-m.jpg\" alt=\"rencontre du pape francois avec benoit 16\" align=\"left\"> Aug 31, 2021 Fran\u00e7ois, rappelle larticle, va avoir 85 ans en d\u00e9cembre, le m\u00eame \u00e2ge auquel Beno\u00eet XVI avait d\u00e9missionn\u00e9. Mais dans le cas de lArgentin Benjamin Stora: enseigner lhistoire de la colonisation et la guerre dAlg\u00e9rie est un chantier prioritaire 09 d\u00e9c. 2021 Par Nicolas Demorand, L\u00e9a Salam\u00e9 Mar 23, 2013 Le pape Fran\u00e7ois rencontre Beno\u00eet XVI dans la r\u00e9sidence de Castel Gandolfo, pr\u00e8s de Rome. Une rencontre in\u00e9dite en 2. 000 ans dhistoire de Nord Littoral: retrouvez toute lactualit\u00e9 en direct, lisez les articles de Nord Littoral et le journal num\u00e9rique sur tous vos appareils Mar 19, 2021 Cette r\u00e9volution par rapport aux ann\u00e9es Beno\u00eet XVI se traduit par une. Sans Laudato si et ma rencontre avec le pape Fran\u00e7ois Mar 3, 2020 6 images Le pape Fran\u00e7ois lors dune rencontre avec lautre pape, Benoit XVI. La sant\u00e9 des deux hommes fait lobjet de nombreuses attentions Jan 31, 2019 L\u00e9rudit th\u00e9ologien allemand Beno\u00eet XVI fut le pape \u00e0 avoir le plus parl\u00e9 de lislam \u00e0 travers 188 interventions. Son d\u00e9sir de dialogue dans Jun 13, 2020 En imaginant une rencontre fictive entre le successeur de Beno\u00eet XVI, le pape Fran\u00e7ois, et le pape en fonction, Fernando Meirelles d\u00e9crit Sep 15, 2021 L\u00e9v\u00eaque de Mende, Mgr Beno\u00eet Bertrand, semble encore \u00e9merveill\u00e9 par sa rencontre avec le pape Fran\u00e7ois datant de la semaine pr\u00e9c\u00e9dente Jan 15, 2020 La fracture au sommet de l\u00c9glise catholique entre le pape \u00e9m\u00e9rite Beno\u00eet XVI et lactuel occupant du Saint Si\u00e8ge, Fran\u00e7ois Dec 24, 2013 Le pape Fran\u00e7ois aux c\u00f4t\u00e9s de son pr\u00e9d\u00e9cesseur Benoit XVI, hier au Vatican. Les deux hommes ont pri\u00e9 ensemble et se sont entretenus en priv\u00e9 Mar 23, 2013 Le pape Fran\u00e7ois et son pr\u00e9d\u00e9cesseur Beno\u00eet XVI se sont entretenus samedi dans la r\u00e9sidence pontificale d\u00e9t\u00e9 de Castel Gandolfo Toute lactualit\u00e9 sur http: www Bfmtv. Com Le pape Fran\u00e7ois et son pr\u00e9d\u00e9cesseur Beno\u00eet XVI ont eu une Jul 10, 2014 Mais peu de chances que Beno\u00eet XVI soit avec lui. Une invitation de Fran\u00e7ois au pape \u00e9m\u00e9rite \u00e0 voir ensemble la rencontre entre leurs <img decoding=\"async\" src=\"https:\/\/cdn.radiofrance.fr\/s3\/cruiser-production\/2022\/03\/9a37b55f-95a8-4000-8000-4e78e4dae93f\/1200x680_0574c756-153d-4e2d-bea0-64b08bdbcf2d.jpg\" alt=\"rencontre du pape francois avec benoit 16\" align=\"right\"> Jan 26, 2020 Deux heures pour raconter les relations du pape Ratzinger et du cardinal Bergoglio, entre 2005 et 2013. Au gr\u00e9 de leurs rencontres.<\/p>\n","protected":false},"excerpt":{"rendered":"<p>12 hours ago Comme Beno\u00eet XVI \u00e9lu pape \u00e0 78 ans, le pape Fran\u00e7ois na pas eu pour. Publics et de nombreuses rencontres de responsables politiques et Mar 23, 2013 CASTEL GANDOLFO, Italie Le pape Fran\u00e7ois est arriv\u00e9 en h\u00e9licopt\u00e8re samedi au palais pontifical de Castel Gandolfo afin de rencontrer son Mar 23, 2013 Nous [&hellip;]<\/p>\n","protected":false},"author":1,"featured_media":0,"comment_status":"closed","ping_status":"closed","sticky":false,"template":"","format":"standard","meta":{"footnotes":""},"categories":[],"tags":[],"class_list":["post-18109","post","type-post","status-publish","format-standard","hentry"],"_links":{"self":[{"href":"https:\/\/profeel.bzh\/wordpress\/wp-json\/wp\/v2\/posts\/18109","targetHints":{"allow":["GET"]}}],"collection":[{"href":"https:\/\/profeel.bzh\/wordpress\/wp-json\/wp\/v2\/posts"}],"about":[{"href":"https:\/\/profeel.bzh\/wordpress\/wp-json\/wp\/v2\/types\/post"}],"author":[{"embeddable":true,"href":"https:\/\/profeel.bzh\/wordpress\/wp-json\/wp\/v2\/users\/1"}],"replies":[{"embeddable":true,"href":"https:\/\/profeel.bzh\/wordpress\/wp-json\/wp\/v2\/comments?post=18109"}],"version-history":[{"count":0,"href":"https:\/\/profeel.bzh\/wordpress\/wp-json\/wp\/v2\/posts\/18109\/revisions"}],"wp:attachment":[{"href":"https:\/\/profeel.bzh\/wordpress\/wp-json\/wp\/v2\/media?parent=18109"}],"wp:term":[{"taxonomy":"category","embeddable":true,"href":"https:\/\/profeel.bzh\/wordpress\/wp-json\/wp\/v2\/categories?post=18109"},{"taxonomy":"post_tag","embeddable":true,"href":"https:\/\/profeel.bzh\/wordpress\/wp-json\/wp\/v2\/tags?post=18109"}],"curies":[{"name":"wp","href":"https:\/\/api.w.org\/{rel}","templated":true}]}}