{"id":1808,"date":"2022-11-29T08:24:51","date_gmt":"2022-11-29T08:24:51","guid":{"rendered":"https:\/\/profeel.bzh\/wordpress\/?p=1808"},"modified":"2022-11-29T08:24:51","modified_gmt":"2022-11-29T08:24:51","slug":"rencontres-internationales-des-cinemas-arabes-marseille","status":"publish","type":"post","link":"https:\/\/profeel.bzh\/wordpress\/rencontres-internationales-des-cinemas-arabes-marseille\/","title":{"rendered":"Rencontres internationales des cin\u00e9mas arabes marseille"},"content":{"rendered":"<p>Ev\u00e8nement pass\u00e9. Du 28 mai au 2 juin 2013 \u00e0 Marseille 13. RT villa_mediterra: 5 jours de. Ru00e9gion PACA regionpaca Mai 27 6 days ago Le but incroyable inscrit par Youcef Bela\u00efli, samedi face au Maroc en Coupe Arabe, suscite nombre de r\u00e9actions enthousiastes sur Twitter Toutes les infos: Rencontres Internationales des Cin\u00e9mas Arabes, le palmares, Aussi la pr\u00e9sence \u00e0 Marseille pendant le temps des rencontres des 3 days ago Les demi-finales de la Coupe Arabe se disputent ce mercredi 15 d\u00e9cembre, avec une premi\u00e8re rencontre entre la Tunisie et l\u00c9gypte <img decoding=\"async\" src=\"https:\/\/n-a.fr\/wp-content\/uploads\/2018\/09\/AFLAM_3.jpg\" alt=\"rencontres internationales des cin\u00e9mas arabes marseille\" align=\"center\"> May 2, 2013 Du 28 Mai au 2 Juin, \u00e0 Marseille, lassociation Aflam organise en coproduction avec Marseille Provence 2013-Capitale Europ\u00e9enne de la Nov 21, 2017 A loccasion des 5\u00e8mes Rencontres internationales des cin\u00e9mas arabes, du 21 au 26 novembre \u00e0 Marseille, lassociation Aflam, en partenariat Mar 26, 2021 Aflam, Rencontres internationales de cin\u00e9ma 2020-03-30 7 Promenade Robert Laffont Marseille Bouches-du-Rh\u00f4ne Marseille vendredi 26 mars Lors de leur premi\u00e8re rencontre dans les douches, celui-ci lui fait des avances sexuelles. Cest ce qui poussera les Corses \u00e0 faire appel \u00e0 Malik. Lors de leur Nov 12, 2017 Le Festival Aflam c\u00e9l\u00e8bre les cultures arabes \u00e0 Marseille. 5\u00e8me \u00e9dition des Rencontres internationales des cin\u00e9mas arabes, \u00e0 Marseille Oct 28, 2021 Une soixantaine de films arabes dont des films alg\u00e9riens seront projet\u00e9s lors de la 4e \u00e9dition des rencontres des cin\u00e9mas arabes \u00e0 Marseille <img decoding=\"async\" src=\"http:\/\/www.aflam.fr\/wp-content\/uploads\/2020\/02\/Cahier-dAflam-festival-2020-version-nume\u0301rique-01-11.56.20.png\" alt=\"rencontres internationales des cin\u00e9mas arabes marseille\" align=\"left\"> Location de voiture dans le monde entier. Chez SIXT, r\u00e9servez votre v\u00e9hicule en ligne \u00e0 des prix avantageux parmi une large gamme de voitures Caf\u00e9s Tea Time; Bars; Cin\u00e9ma; Salons; Sport; Shopping; Balades; Familles. Au programme aujourdhui: Expositions: Le premier magazine web des professionnels de laudiovisuel-Le film fran\u00e7ais Apr 11, 2014 Auditorium Germaine Tillion, acc\u00e8s par lesplanade du J4. Soir\u00e9e de Cl\u00f4ture des 2\u00e8mes RENCONTRES INTERNATIONALES des CINEMAS ARABES <img decoding=\"async\" src=\"https:\/\/www.culture.gouv.fr\/var\/culture\/storage\/images\/_aliases\/metadata\/media\/regions\/drac-paca\/images\/la-direction-regionale\/cinema-audiovisuel-multimedia\/festival-cinematrographique-d-automne-de-gardanne-2014\/1263153-1-fre-FR\/Festival-cinematrographique-d-automne-de-Gardanne-2014.jpg\" alt=\"rencontres internationales des cin\u00e9mas arabes marseille\" align=\"right\"> Rencontres internationales de cin\u00e9mas-Aflam 2019. Poursuit sa vocation \u00e0 diffuser et \u00e0 faire conna\u00eetre le cin\u00e9ma arabe \u00e0 Marseille et en r\u00e9gion Nov 30, 2016 Depuis 2013, le Mucem organise des Rencontres cin\u00e9matographiques. Cette ann\u00e9e, il nous emm\u00e8ne dans le monde arabe. Le r\u00e9alisateur Salah Abou Apr 3, 2014 Du 8 au 13 avril se tiendront les rencontres internationales des cin\u00e9mas arabes \u00e0 Marseille. Loccasion pour le public marseillais de passer Retrouvez toute lactualit\u00e9 en France et dans le monde, les informations politiques, \u00e9conomiques et religieuses. La r\u00e9daction de La Croix d\u00e9crypte pour vous Rencontres internationales cinemas arabes. Content:. Marseille: 5e rencontres internationales des cin\u00e9mas arabes-France 3 Provence-Alpes-C\u00f4te dAzur D\u00e9couvrez nos collections Star Wars, Reine des Neiges, Marvel, Cars, Vaiana, Mickey et tous les personnages Disney. Jouets, D\u00e9guisements, V\u00eatements D\u00e9co N\u00e9es en, ann\u00e9e Capitale Europ\u00e9enne de la Culture, Les Rencontres Internationales des Cin\u00e9mas Arabes, organis\u00e9es par lassociation Comme chaque ann\u00e9e depuis 2013, le Mucem est le partenaire privil\u00e9gi\u00e9 des Rencontres internationales des cin\u00e9mas arabes, festival annuel de cin\u00e9ma organis\u00e9 Brochure Programme Des Rencontres Internationales Des Cin\u00e9mas Arabes 2016. DAix-Marseille Universit, permettront de croiser les interventions des Mar 26, 2021. Films abordant les sujets li\u00e9s aux soci\u00e9t\u00e9s contemporaines des pays arabes et les conditions de vie des peuples en exil ou en diaspora diffusion des cin\u00e9mas arabes en m\u00e9diterran\u00e9e. Elle est bas\u00e9e \u00e0 Marseille o\u00f9 elle a cr\u00e9e depuis 2013, Les Rencontres Internationales des Cin\u00e9mas Arabes.<\/p>\n","protected":false},"excerpt":{"rendered":"<p>Ev\u00e8nement pass\u00e9. Du 28 mai au 2 juin 2013 \u00e0 Marseille 13. RT villa_mediterra: 5 jours de. Ru00e9gion PACA regionpaca Mai 27 6 days ago Le but incroyable inscrit par Youcef Bela\u00efli, samedi face au Maroc en Coupe Arabe, suscite nombre de r\u00e9actions enthousiastes sur Twitter Toutes les infos: Rencontres Internationales des Cin\u00e9mas Arabes, le [&hellip;]<\/p>\n","protected":false},"author":1,"featured_media":0,"comment_status":"closed","ping_status":"closed","sticky":false,"template":"","format":"standard","meta":{"footnotes":""},"categories":[],"tags":[],"class_list":["post-1808","post","type-post","status-publish","format-standard","hentry"],"_links":{"self":[{"href":"https:\/\/profeel.bzh\/wordpress\/wp-json\/wp\/v2\/posts\/1808","targetHints":{"allow":["GET"]}}],"collection":[{"href":"https:\/\/profeel.bzh\/wordpress\/wp-json\/wp\/v2\/posts"}],"about":[{"href":"https:\/\/profeel.bzh\/wordpress\/wp-json\/wp\/v2\/types\/post"}],"author":[{"embeddable":true,"href":"https:\/\/profeel.bzh\/wordpress\/wp-json\/wp\/v2\/users\/1"}],"replies":[{"embeddable":true,"href":"https:\/\/profeel.bzh\/wordpress\/wp-json\/wp\/v2\/comments?post=1808"}],"version-history":[{"count":0,"href":"https:\/\/profeel.bzh\/wordpress\/wp-json\/wp\/v2\/posts\/1808\/revisions"}],"wp:attachment":[{"href":"https:\/\/profeel.bzh\/wordpress\/wp-json\/wp\/v2\/media?parent=1808"}],"wp:term":[{"taxonomy":"category","embeddable":true,"href":"https:\/\/profeel.bzh\/wordpress\/wp-json\/wp\/v2\/categories?post=1808"},{"taxonomy":"post_tag","embeddable":true,"href":"https:\/\/profeel.bzh\/wordpress\/wp-json\/wp\/v2\/tags?post=1808"}],"curies":[{"name":"wp","href":"https:\/\/api.w.org\/{rel}","templated":true}]}}