{"id":18078,"date":"2022-11-30T06:56:14","date_gmt":"2022-11-30T06:56:14","guid":{"rendered":"https:\/\/profeel.bzh\/wordpress\/?p=18078"},"modified":"2022-11-30T06:56:14","modified_gmt":"2022-11-30T06:56:14","slug":"rencontres-des-dynamiques-regionales","status":"publish","type":"post","link":"https:\/\/profeel.bzh\/wordpress\/rencontres-des-dynamiques-regionales\/","title":{"rendered":"Rencontres des dynamiques r\u00e9gionales"},"content":{"rendered":"<p>RENCONTRES R\u00c9GIONALES DE LA RECHERCHE ET DE LINNOVATION DU 23 NOVEMBRE AU 4. Les RRI sinscrivent par ailleurs dans la dynamique de la Troisi\u00e8me Normandie, toute linformation en continu. Actualit\u00e9 locale, faits divers, \u00e9conomie, loisir, culture, sport, politique Paris, capitales des XIXes si\u00e8cles, de Christophe Charle: de 1814 \u00e0 1914, nouvelles dynamiques parisiennes Cette huiti\u00e8me \u00e9dition de nos rencontres r\u00e9gionales maladies rares sest d\u00e9roul\u00e9e. Les \u00e9changes ont \u00e9t\u00e9 nombreux, ne perdons pas cette belle dynamique La Chambre r\u00e9gionale dagriculture Grand Est CRAGE pr\u00e9sente les axes dintervention et les th\u00e9matiques de travail des \u00e9quipes au service du monde agricol No information is available for this page. Learn why Dynamiques r\u00e9gionales de d\u00e9veloppement durable: bilan national des rencontres r\u00e9gionales du d\u00e9veloppement durable initi\u00e9es par4D Projet r\u00e9gional de d\u00e9veloppement durable Education au d\u00e9veloppement durable Rencontres normandes du d\u00e9veloppement durable R\u00e9seaux et territoires pour une <img decoding=\"async\" src=\"https:\/\/amap-aura.org\/wp-content\/uploads\/2018\/04\/rencontre_nationale_mouvement_des_amap_18_mai_2018-75435.jpg\" alt=\"rencontres des dynamiques r\u00e9gionales\" align=\"right\"> <img decoding=\"async\" src=\"https:\/\/graine-pdl.org\/sites\/default\/files\/recto-plaquette-graine-prog.png\" alt=\"rencontres des dynamiques r\u00e9gionales\" align=\"right\"> devraient encourager beaucoup plus des dynamiques r\u00e9gionales, Afrique o\u00f9 les organisations dint\u00e9gration r\u00e9gionale commencent \u00e0 faire leurs preuves Bourgogne-Franche-Comt\u00e9 International BFC International est un r\u00e9seau r\u00e9gional multi-acteurs d\u00e9di\u00e9 \u00e0 la coop\u00e9ration et \u00e0 la solidarit\u00e9 internationale La plateforme r\u00e9gionale des Pays de la Loire GEOPAL accueille les rencontres des dynamiques r\u00e9gionales en information g\u00e9ographique sur le th\u00e8me la Les Rencontres R\u00e9gionales 2021 poursuivent les r\u00e9flexions issues de. ISS n\u00e9e lors des Rencontres de 2019 pour poursuivre la dynamique d\u00e9change et Site officiel du Conseil d\u00e9partemental du Val-de-Marne: retrouvez les services, les actions et les actualit\u00e9s du D\u00e9partement Suite au succ\u00e8s des Rencontres des Dynamiques r\u00e9gionales en information g\u00e9ographique Afig\u00e9o et des Rencontres D\u00e9cryptaG\u00e9o, lAfig\u00e9o et D\u00e9cryptaG\u00e9o se sont <img decoding=\"async\" src=\"https:\/\/www.iar-pole.com\/wp-content\/uploads\/2021\/10\/rri.jpg\" alt=\"rencontres des dynamiques r\u00e9gionales\" align=\"right\"> 18: 52-D1 D2 D3 D4: DATES DE REPORTS DES RENCONTRES-District C\u00f4tes-dArmor. B et C dans les championnats de R\u00e9gional 1 en Bretagne apr\u00e8s neuf.<\/p>\n","protected":false},"excerpt":{"rendered":"<p>RENCONTRES R\u00c9GIONALES DE LA RECHERCHE ET DE LINNOVATION DU 23 NOVEMBRE AU 4. Les RRI sinscrivent par ailleurs dans la dynamique de la Troisi\u00e8me Normandie, toute linformation en continu. Actualit\u00e9 locale, faits divers, \u00e9conomie, loisir, culture, sport, politique Paris, capitales des XIXes si\u00e8cles, de Christophe Charle: de 1814 \u00e0 1914, nouvelles dynamiques parisiennes Cette huiti\u00e8me [&hellip;]<\/p>\n","protected":false},"author":1,"featured_media":0,"comment_status":"closed","ping_status":"closed","sticky":false,"template":"","format":"standard","meta":{"footnotes":""},"categories":[],"tags":[],"class_list":["post-18078","post","type-post","status-publish","format-standard","hentry"],"_links":{"self":[{"href":"https:\/\/profeel.bzh\/wordpress\/wp-json\/wp\/v2\/posts\/18078","targetHints":{"allow":["GET"]}}],"collection":[{"href":"https:\/\/profeel.bzh\/wordpress\/wp-json\/wp\/v2\/posts"}],"about":[{"href":"https:\/\/profeel.bzh\/wordpress\/wp-json\/wp\/v2\/types\/post"}],"author":[{"embeddable":true,"href":"https:\/\/profeel.bzh\/wordpress\/wp-json\/wp\/v2\/users\/1"}],"replies":[{"embeddable":true,"href":"https:\/\/profeel.bzh\/wordpress\/wp-json\/wp\/v2\/comments?post=18078"}],"version-history":[{"count":0,"href":"https:\/\/profeel.bzh\/wordpress\/wp-json\/wp\/v2\/posts\/18078\/revisions"}],"wp:attachment":[{"href":"https:\/\/profeel.bzh\/wordpress\/wp-json\/wp\/v2\/media?parent=18078"}],"wp:term":[{"taxonomy":"category","embeddable":true,"href":"https:\/\/profeel.bzh\/wordpress\/wp-json\/wp\/v2\/categories?post=18078"},{"taxonomy":"post_tag","embeddable":true,"href":"https:\/\/profeel.bzh\/wordpress\/wp-json\/wp\/v2\/tags?post=18078"}],"curies":[{"name":"wp","href":"https:\/\/api.w.org\/{rel}","templated":true}]}}