{"id":1806,"date":"2022-11-29T08:24:38","date_gmt":"2022-11-29T08:24:38","guid":{"rendered":"https:\/\/profeel.bzh\/wordpress\/?p=1806"},"modified":"2022-11-29T08:24:38","modified_gmt":"2022-11-29T08:24:38","slug":"rencontre-afrique-europe","status":"publish","type":"post","link":"https:\/\/profeel.bzh\/wordpress\/rencontre-afrique-europe\/","title":{"rendered":"Rencontre afrique europe"},"content":{"rendered":"<p>19 hours ago Le nom reprend celui dune rencontre entre les rois de Boh\u00e8me, Entre ces pays dans lobjectif dune adh\u00e9sion \u00e0 lUnion europ\u00e9enne Sep 13, 2013 Pas de visa pour les d\u00e9chets: vers une solidarit\u00e9 Afrique-Europe en mati\u00e8re denvironnement. La rencontre sest tenu au Palais du Luxembourg, \u00e0 Oct 8, 2021 Fatoumata B\u00e2, Abdou Diop et Eveline Tall repr\u00e9senteront le S\u00e9n\u00e9gal \u00e0 la rencontre \u00e9conomique Afrique-Europe. Ce sera \u00e0 Annecy en France au Oct 12, 2021 LInstitut Aspen France, \u00e0 travers un communiqu\u00e9 de presse informe sur le prochain sommet Europe Afrique. Il se tiendra les 25, 26 et 27 Colloque international La rencontre Europe-Afrique dans la litt\u00e9rature romanesque. Conflit etou dialogue des cultures Sep 17, 2021 Si le passe sanitaire sera de rigueur, il nemp\u00eachera pas la rencontre, car tel est le th\u00e8me retenu: Le choix de la programmation artistique <img decoding=\"async\" src=\"https:\/\/casablancafinancecity.com\/wp-content\/uploads\/2021\/09\/ASPEN-scaled-1.jpg\" alt=\"rencontre afrique europe\" align=\"right\"> Le pape Fran\u00e7ois a re\u00e7u en audience les participants \u00e0 la rencontre organis\u00e9e par lAcad\u00e9mie pontificale des sciences sociales, ce vendredi 20 octobre 2017. Il Jan 12, 2010 D\u00e9couvrez et achetez Pas de visa pour les d\u00e9chets, Vers une solidari.-Rencontre Europe-Afrique-LHarmattan sur Rencontrez des c\u00e9libataires africains sur AfroIntroductions, le site de rencontres africaines le plus fiable avec plus de 4, 5 millions de membres Chaque ann\u00e9e AIFA rassemble plus de 700 leaders africains et europ\u00e9ens. Des rencontres en face \u00e0 face et la c\u00e9r\u00e9monie de remise des 12 cat\u00e9gories de 8 days ago Le nouveau chancelier allemand Olaf Scholz rencontre vendredi Emmanuel Macron. Pour la pr\u00e9sidence fran\u00e7aise du Conseil de lUnion europ\u00e9enne Oct 8, 2021 Je nen peux plus de voir la jeunesse africaine mourir dans la mer M\u00e9diterran\u00e9e pour gagner lEurope, lui a lanc\u00e9 une femme. Un jeune <img decoding=\"async\" src=\"https:\/\/www.afriqueeducation.com\/wp-content\/uploads\/2022\/02\/16fev2.jpg\" alt=\"rencontre afrique europe\" align=\"right\"> <img decoding=\"async\" src=\"https:\/\/c8.alamy.com\/compfr\/md4wke\/shaka-l-elephant-de-taureau-africain-de-26-ans-rencontre-l-un-de-ses-camarades-m-changa-a-la-ferme-zoologique-de-noahs-ark-dans-le-somerset-ou-shaka-est-la-derniere-addition-au-seul-groupe-de-licence-d-elephant-d-afrique-du-royaume-uni-dans-le-cadre-du-programme-europeen-sur-les-especes-menacees-d-extinction-ou-pour-la-premiere-fois-en-europe-trois-elephants-males-ont-ete-loges-ensemble-dans-un-environnement-captif-md4wke.jpg\" alt=\"rencontre afrique europe\" align=\"right\"> belle et riche r\u00e9gion, o\u00f9 les populations autochtones ont rencontr\u00e9 au fil du temps des ethnies venues dAfrique centrale et orientale, puis dEurope By B Ward 1962 Cited by 1 Jen ai rencontr\u00e9 qui diraient volontiers: Que mes voisins se d\u00e9brouillent. Ils sont encore presque totalement d\u00e9pendants de lEurope, sauf la Guin\u00e9e Oct 3, 2013 LEurope continentale sera la seule zone g\u00e9ographique \u00e0 enregistrer un recul d\u00e9mographique, lAsie comptera pour plus de la moiti\u00e9 de la.<\/p>\n","protected":false},"excerpt":{"rendered":"<p>19 hours ago Le nom reprend celui dune rencontre entre les rois de Boh\u00e8me, Entre ces pays dans lobjectif dune adh\u00e9sion \u00e0 lUnion europ\u00e9enne Sep 13, 2013 Pas de visa pour les d\u00e9chets: vers une solidarit\u00e9 Afrique-Europe en mati\u00e8re denvironnement. La rencontre sest tenu au Palais du Luxembourg, \u00e0 Oct 8, 2021 Fatoumata B\u00e2, Abdou [&hellip;]<\/p>\n","protected":false},"author":1,"featured_media":0,"comment_status":"closed","ping_status":"closed","sticky":false,"template":"","format":"standard","meta":{"footnotes":""},"categories":[],"tags":[],"class_list":["post-1806","post","type-post","status-publish","format-standard","hentry"],"_links":{"self":[{"href":"https:\/\/profeel.bzh\/wordpress\/wp-json\/wp\/v2\/posts\/1806","targetHints":{"allow":["GET"]}}],"collection":[{"href":"https:\/\/profeel.bzh\/wordpress\/wp-json\/wp\/v2\/posts"}],"about":[{"href":"https:\/\/profeel.bzh\/wordpress\/wp-json\/wp\/v2\/types\/post"}],"author":[{"embeddable":true,"href":"https:\/\/profeel.bzh\/wordpress\/wp-json\/wp\/v2\/users\/1"}],"replies":[{"embeddable":true,"href":"https:\/\/profeel.bzh\/wordpress\/wp-json\/wp\/v2\/comments?post=1806"}],"version-history":[{"count":0,"href":"https:\/\/profeel.bzh\/wordpress\/wp-json\/wp\/v2\/posts\/1806\/revisions"}],"wp:attachment":[{"href":"https:\/\/profeel.bzh\/wordpress\/wp-json\/wp\/v2\/media?parent=1806"}],"wp:term":[{"taxonomy":"category","embeddable":true,"href":"https:\/\/profeel.bzh\/wordpress\/wp-json\/wp\/v2\/categories?post=1806"},{"taxonomy":"post_tag","embeddable":true,"href":"https:\/\/profeel.bzh\/wordpress\/wp-json\/wp\/v2\/tags?post=1806"}],"curies":[{"name":"wp","href":"https:\/\/api.w.org\/{rel}","templated":true}]}}