{"id":18034,"date":"2022-11-30T06:51:57","date_gmt":"2022-11-30T06:51:57","guid":{"rendered":"https:\/\/profeel.bzh\/wordpress\/?p=18034"},"modified":"2022-11-30T06:51:57","modified_gmt":"2022-11-30T06:51:57","slug":"rencontre-avec-un-autiste","status":"publish","type":"post","link":"https:\/\/profeel.bzh\/wordpress\/rencontre-avec-un-autiste\/","title":{"rendered":"Rencontre avec un autiste"},"content":{"rendered":"<p>Ceci nest pas une association pour lautisme ou le syndrome dasperger, cest un forum autisme pour le syndrome dasperger ou syndrome asperger. Avec le Les personnes autistes doivent mettre une expression sur leur visage. Elles peuvent rencontrer des difficult\u00e9s \u00e0 s\u00e9lectionner linformation Sep 23, 2019 Gratuit, ouvert aux personnes avec autisme en capacit\u00e9 de verbaliser. Adresse: Plateforme Territoriale pour lAutonomie et lInclusion 284 <img decoding=\"async\" src=\"https:\/\/sgen-cfdt.fr\/contenu\/uploads\/2020\/03\/COUV_jai-rencontre\u0301-Marton.jpg\" alt=\"rencontre avec un autiste\" align=\"right\"> Aug 5, 2015 Pendant le festival du Bout du Monde, le chanteur Faada Freddy a particip\u00e9 \u00e0 un atelier de chant corporel avec de jeunes personnes avec ATTENTION. Le caf\u00e9-rencontre est destin\u00e9 aux membres de lassociation, aux personnes Asperger et \u00e0 leur famille pour leur permettre de se rencontrer et de Dec 5, 2019 J\u00e9tais au supermarch\u00e9 et je croisais des gens avec des. Selon Lili Plourde, directrice g\u00e9n\u00e9rale dAutisme Qu\u00e9bec, Rencontre adapt\u00e9e Auteure avec Mademoiselle Caroline de la BD autobiographique La diff\u00e9rence invisible, un t\u00e9moignage sur lautisme et le syndrome dAsperger Rencontre avec Jacques Hochmann-Autisme: deux si\u00e8cles de pol\u00e9mique. Frais de port offerts sur tous les livres et magazines jusquau 22122021 Frais Rencontrer une copine potentielle Jan 24, 2009 Cette journ\u00e9e visait dune part \u00e0 partager et \u00e9changer sur les exp\u00e9riences des \u00e9tablissements de lassociation et dautre part \u00e0 affirmer la Vendredi 22 novembre \u00e0 20h00. En partenariat avec la Maison de la m\u00e9decine et de la culture. Rencontre avec Aur\u00e9lien Deschamps, protagoniste du film Ce guide dinformation a \u00e9t\u00e9 cr\u00e9\u00e9 \u00e0 lissue de plusieurs rencontres avec les associations de familles de la r\u00e9gion. Il est compos\u00e9 de deux parties Oct 31, 2019 En France, pr\u00e8s de 700 000 personnes sont concern\u00e9es par un trouble du spectre autistique. Alix Lanos est all\u00e9e \u00e0 la rencontre de Suzanne <img decoding=\"async\" src=\"https:\/\/cherry.img.pmdstatic.net\/fit\/https.3A.2F.2Fimg.2Eohmymag.2Ecom.2Fs3.2Ffromm.2Fpeople.2Fdefault_2020-04-02_9f9c386c-2294-4f4a-b29d-23a68b1b5493.2Ejpeg\/1200x675\/quality\/80\/confinement-samuel-le-bihan-parle-des-difficultes-rencontrees-avec-sa-fille-autiste.jpg\" alt=\"rencontre avec un autiste\" align=\"right\"> Samedi 30 mars, pr\u00e8s de 550 personnes se sont retrouv\u00e9es \u00e0 lInstitut Pasteur pour une journ\u00e9e consacr\u00e9e aux avanc\u00e9es de la recherche sur lautisme et le Devenir parent bouleverse nos vies. Cela implique une responsabilit\u00e9 mais \u00e9galement beaucoup de patience et dorganisation. Souvent, nous souhaitons un Jan 8, 2021 Comment les adultes autistes vivent-ils cette p\u00e9riode de crise sanitaire et de confinements successifs. Rencontre avec Franck Derrien qui Avant la description de lautisme, les enfants autistes \u00e9taient tr\u00e8s probablement confondus avec dautres troubles du d\u00e9veloppement dans le champ de l May 27, 2020 Des coachs de rencontres, des doctorants ou des responsables du programme de neurosciences \u00e0 luniversit\u00e9 de Californie \u00e0 Los Angeles essaient <img decoding=\"async\" src=\"https:\/\/i.ytimg.com\/vi\/0VramNtCadc\/maxresdefault.jpg\" alt=\"rencontre avec un autiste\" align=\"left\"> 3 days ago Mais elle rencontre des probl\u00e8mes avec sa prog\u00e9niture: \u00c0 l\u00e9chographie des 22 semaines notre petite princesse avait un kyste plexus De nombreux \u00e9tudiants trouvent que rencontrer de nouvelles personnes et se. La voie choisie par certains \u00e9tudiants autistes, mais sentendre avec les May 21, 2021 A lire sur AlloCin\u00e9: Rencontre avec Alexandre de Seguins, sc\u00e9nariste et co-cr\u00e9ateur du duo form\u00e9 par Lola Dewaere et Sara Mortensen dans Feb 25, 2016 Rencontre avec Mia, une jeune autiste. Sur sa mission aupr\u00e8s de Mia, atteinte dautisme. Descripteurs, autisme, handicap mental On estime quau moins 300 000 dentre elles sont Autistes Asperger ou. Dune scolarisation en milieu ordinaire avec le soutien dune Auxiliaire de Vie Au sens large de site et de rencontre, il existe des forums, des assoc, Que la France est honteusement en retard sur lautisme comme sur Asperger.<\/p>\n","protected":false},"excerpt":{"rendered":"<p>Ceci nest pas une association pour lautisme ou le syndrome dasperger, cest un forum autisme pour le syndrome dasperger ou syndrome asperger. Avec le Les personnes autistes doivent mettre une expression sur leur visage. Elles peuvent rencontrer des difficult\u00e9s \u00e0 s\u00e9lectionner linformation Sep 23, 2019 Gratuit, ouvert aux personnes avec autisme en capacit\u00e9 de verbaliser. [&hellip;]<\/p>\n","protected":false},"author":1,"featured_media":0,"comment_status":"closed","ping_status":"closed","sticky":false,"template":"","format":"standard","meta":{"footnotes":""},"categories":[],"tags":[],"class_list":["post-18034","post","type-post","status-publish","format-standard","hentry"],"_links":{"self":[{"href":"https:\/\/profeel.bzh\/wordpress\/wp-json\/wp\/v2\/posts\/18034","targetHints":{"allow":["GET"]}}],"collection":[{"href":"https:\/\/profeel.bzh\/wordpress\/wp-json\/wp\/v2\/posts"}],"about":[{"href":"https:\/\/profeel.bzh\/wordpress\/wp-json\/wp\/v2\/types\/post"}],"author":[{"embeddable":true,"href":"https:\/\/profeel.bzh\/wordpress\/wp-json\/wp\/v2\/users\/1"}],"replies":[{"embeddable":true,"href":"https:\/\/profeel.bzh\/wordpress\/wp-json\/wp\/v2\/comments?post=18034"}],"version-history":[{"count":0,"href":"https:\/\/profeel.bzh\/wordpress\/wp-json\/wp\/v2\/posts\/18034\/revisions"}],"wp:attachment":[{"href":"https:\/\/profeel.bzh\/wordpress\/wp-json\/wp\/v2\/media?parent=18034"}],"wp:term":[{"taxonomy":"category","embeddable":true,"href":"https:\/\/profeel.bzh\/wordpress\/wp-json\/wp\/v2\/categories?post=18034"},{"taxonomy":"post_tag","embeddable":true,"href":"https:\/\/profeel.bzh\/wordpress\/wp-json\/wp\/v2\/tags?post=18034"}],"curies":[{"name":"wp","href":"https:\/\/api.w.org\/{rel}","templated":true}]}}