{"id":18017,"date":"2022-11-30T06:50:38","date_gmt":"2022-11-30T06:50:38","guid":{"rendered":"https:\/\/profeel.bzh\/wordpress\/?p=18017"},"modified":"2022-11-30T06:50:38","modified_gmt":"2022-11-30T06:50:38","slug":"rencontrer-yann-moix","status":"publish","type":"post","link":"https:\/\/profeel.bzh\/wordpress\/rencontrer-yann-moix\/","title":{"rendered":"Rencontrer yann moix"},"content":{"rendered":"<p><img decoding=\"async\" src=\"https:\/\/www.theatredenamur.be\/wp-content\/uploads\/2014\/06\/yann-moix-site-ph-JF-Paga-Grasset.jpg\" alt=\"rencontrer yann moix\" align=\"right\"> Sep 28, 2018 Six policiers, dont plusieurs sont intervenus au Bataclan, demandent \u00e0 rencontrer Yann Moix, l\u00e9crivain pol\u00e9miste qui a r\u00e9cemment accus\u00e9 Jan 26, 2017 Yann Moix publie Terreur, dans lequel il tente de questionner la France actuelle et dy donner du sens, deux ans apr\u00e8s les attentats de ONPC: Yann Moix taquine Rapha\u00ebl Glucksmann sur sa rencontre avec L\u00e9a Salam\u00e9. Ils nont jamais officialis\u00e9 et restent les plus discrets possibles depuis Mar 12, 2019 Avec ce roman, Yann Moix revient \u00e0 son th\u00e8me de pr\u00e9dilection: lamour et ses d\u00e9pendances: la jalousie, la haine, la rivalit\u00e9 <img decoding=\"async\" src=\"http:\/\/www.slate.fr\/sites\/default\/files\/styles\/1200x680\/public\/moix-desir-corps-femmes.jpg\" alt=\"rencontrer yann moix\" align=\"left\"> May 26, 2015 REPLAY-L\u00e9crivain fran\u00e7ais Yann Moix sort aux \u00e9ditions Grasset son. Jamais rencontr\u00e9 un seul homme fid\u00e8le, a expliqu\u00e9 Yann Moix \u00e0 RTL Jan 24, 2019 Le 4 novembre 2013, Yann Moix est r\u00e9compens\u00e9 du prix Renaudot pour. Apr\u00e8s des \u00e9tudes de philo et de commerce \u00e0 Reims, il le rencontre Ecrivain, r\u00e9alisateur, chroniqueur Yann Moix ne se contente pas dune seule fonction tant quil peut exprimer le fond de sa pens\u00e9e et raconter des Il est diplom\u00e9 dun triple cursus en commerce, philosophie et sciences politiques. Tr\u00e8s vite, il se lance dans l\u00e9criture et rencontre un succ\u00e8s imm\u00e9diat. Son Sep 29, 2018 Le 22 septembre, Yann Moix a tenu des propos violents \u00e0 lencontre des forces de lordre fran\u00e7aises Sep 3, 2019 Exclusif Antis\u00e9mitisme, lobby juif, Faurisson: Dieudonn\u00e9 raconte sa rencontre avec Yann Moix. Rattrap\u00e9 par ses anciens \u00e9crits et Sep 28, 2018 Six policiers ont \u00e9mis le souhait de rencontrer l\u00e9crivain et pol\u00e9miste Yann Moix apr\u00e8s la d\u00e9claration tr\u00e8s dure quil a eue \u00e0 leur \u00e9gard 15 hours ago Rencontre SDRSainte-Anne. 51\u00e8me session du Conseil des Ministres de lOHADA: La rencontre se tiendra \u00e0. Le Reims de Yann Moix Jun 18, 2018 Le vendredi 29 juin prochain, Yann Moix ira \u00e0 la rencontre des lecteurs lors dune s\u00e9ance de d\u00e9dicaces \u00e0 la Fnac Toulouse Wilson Aug 17, 2019 \u00c0 quelques jours de la sortie du roman Orl\u00e9ans le 21 ao\u00fbt, dune violence assez inou\u00efe \u00e0 son endroit, le p\u00e8re de Yann Moix, Jos\u00e9 C\u00e9tait le plus difficile \u00e0 faire, se rencontrer la preuve: je ne tai plus jamais rencontr\u00e9 par hasard depuis. Une simple lettre damour-Yann Moix Jul 11, 2021 Baccalaur\u00e9at, cong\u00e9 paternit\u00e9, Yann Moix: retrouvez le Grand JT des Territoires pr\u00e9sent\u00e9 par Cyril Viguier sur lindependant Fr. Cyril Aug 26, 2019 Que Yann Moix Nevers, 1968 soit un \u00e9crivain, dabord et avant tout, Ils nont aucune difficult\u00e9 \u00e0 rencontrer des alter ego Sep 28, 2018 Six policiers, dont plusieurs sont intervenus au Bataclan le 13 novembre 2015, demandent \u00e0 rencontrer Yann Moix, l\u00e9crivain pol\u00e9miste qui a Sep 29, 2015 Mais la veille de notre rencontre, lattach\u00e9e de presse des \u00e9ditions Grasset o\u00f9 sont publi\u00e9s tous ses livres annule le rendez-vous. Le Aug 27, 2019 Quand on le rencontre alors pour un portrait de derni\u00e8re page dans Lib\u00e9ration, il nuance: Je n\u00e9tais pas un enfant martyr, pas frapp\u00e9 de fa\u00e7on Aug 30, 2019 Yann Moix est lauteur de dessins antis\u00e9mites, il la confess\u00e9 \u00e0. Jai eu la chance de rencontrer Bernard-Henri L\u00e9vy, qui ma \u00e9vit\u00e9 de Sep 22, 2021 Rencontre avec Yann Moix, anim\u00e9e par G\u00e9rard Lemari\u00e9, vendredi 24 septembre, \u00e0 19 h, salle H\u00e9lios, \u00e0 Bezannes. Tarif: 10 <img decoding=\"async\" src=\"https:\/\/www.francetvinfo.fr\/pictures\/HXbJwB7gn6FMTJvXcsDZSqB_jfM\/752x423\/2018\/09\/23\/phpCi6tqD.jpg\" alt=\"rencontrer yann moix\" align=\"right\">.<\/p>\n","protected":false},"excerpt":{"rendered":"<p>Sep 28, 2018 Six policiers, dont plusieurs sont intervenus au Bataclan, demandent \u00e0 rencontrer Yann Moix, l\u00e9crivain pol\u00e9miste qui a r\u00e9cemment accus\u00e9 Jan 26, 2017 Yann Moix publie Terreur, dans lequel il tente de questionner la France actuelle et dy donner du sens, deux ans apr\u00e8s les attentats de ONPC: Yann Moix taquine Rapha\u00ebl Glucksmann [&hellip;]<\/p>\n","protected":false},"author":1,"featured_media":0,"comment_status":"closed","ping_status":"closed","sticky":false,"template":"","format":"standard","meta":{"footnotes":""},"categories":[],"tags":[],"class_list":["post-18017","post","type-post","status-publish","format-standard","hentry"],"_links":{"self":[{"href":"https:\/\/profeel.bzh\/wordpress\/wp-json\/wp\/v2\/posts\/18017","targetHints":{"allow":["GET"]}}],"collection":[{"href":"https:\/\/profeel.bzh\/wordpress\/wp-json\/wp\/v2\/posts"}],"about":[{"href":"https:\/\/profeel.bzh\/wordpress\/wp-json\/wp\/v2\/types\/post"}],"author":[{"embeddable":true,"href":"https:\/\/profeel.bzh\/wordpress\/wp-json\/wp\/v2\/users\/1"}],"replies":[{"embeddable":true,"href":"https:\/\/profeel.bzh\/wordpress\/wp-json\/wp\/v2\/comments?post=18017"}],"version-history":[{"count":0,"href":"https:\/\/profeel.bzh\/wordpress\/wp-json\/wp\/v2\/posts\/18017\/revisions"}],"wp:attachment":[{"href":"https:\/\/profeel.bzh\/wordpress\/wp-json\/wp\/v2\/media?parent=18017"}],"wp:term":[{"taxonomy":"category","embeddable":true,"href":"https:\/\/profeel.bzh\/wordpress\/wp-json\/wp\/v2\/categories?post=18017"},{"taxonomy":"post_tag","embeddable":true,"href":"https:\/\/profeel.bzh\/wordpress\/wp-json\/wp\/v2\/tags?post=18017"}],"curies":[{"name":"wp","href":"https:\/\/api.w.org\/{rel}","templated":true}]}}