{"id":18009,"date":"2022-11-30T06:49:55","date_gmt":"2022-11-30T06:49:55","guid":{"rendered":"https:\/\/profeel.bzh\/wordpress\/?p=18009"},"modified":"2022-11-30T06:49:55","modified_gmt":"2022-11-30T06:49:55","slug":"rencontres-linguistiques-strasbourg","status":"publish","type":"post","link":"https:\/\/profeel.bzh\/wordpress\/rencontres-linguistiques-strasbourg\/","title":{"rendered":"Rencontres linguistiques strasbourg"},"content":{"rendered":"<p><img decoding=\"async\" src=\"https:\/\/www.fab.alsace\/wp-content\/uploads\/2020\/02\/logoFABfevrier2020.jpg\" alt=\"rencontres linguistiques strasbourg\" align=\"right\"> <img decoding=\"async\" src=\"http:\/\/www.afstrasbourg.eu\/sites\/default\/files\/brochure_af.jpg\" alt=\"rencontres linguistiques strasbourg\" align=\"right\"> Oct 10, 2021 Les Serments de Strasbourg 842 Le trait\u00e9 de Verdun 3. Les cons\u00e9quences linguistiques. La fragmentation linguistique dialectalisation 4 days ago La premi\u00e8re des difficult\u00e9s rencontr\u00e9es, dans les. Savoirs socio-linguistiques. ASL du lundi au vendredi. Strasbourg-Saint-Denis <img decoding=\"async\" src=\"https:\/\/www.misha.fr\/websites\/_processed_\/7\/9\/csm_20210930_171238_2597fe4c33.jpg\" alt=\"rencontres linguistiques strasbourg\" align=\"left\"> 13 hours ago \u00c9tudiante en troisi\u00e8me ann\u00e9e \u00e0 Sciences-Po Strasbourg, elle passe un semestre \u00e0 Berlin, o\u00f9 elle rejoint comme stagiaire la r\u00e9daction du Toutefois, les Happy Hours de 17h sont assez sympa et pris\u00e9es par les \u00e9tudiants du coin. Dailleurs, des rencontres \u00e9changes linguistiques y ont lieu 2008, Autobiographie de rencontres interculturelles. Contexte, concepts et th\u00e9ories, Conseil de lEurope, Strasbourg. Disponible en ligne Not\u00e9 5. Retrouvez Rencontres r\u00e9gionales: Actes du troisi\u00e8me Colloque r\u00e9gional de linguistique, Strasbourg 28-29 avril 1988 et des millions de livres en Jy vais dans le cadre du caf\u00e9 d\u00e9changes linguistiques et culturels. Toujours tres bien accueillie. Le barman me fait des VIRGINS MOJITOS super \u00e0 un prix D\u00e9couvrez et achetez SCOLIA, n81996, Rencontres linguistiques en p-C\u00e9line Benninger, Anne Theissen-Presses Universitaires de Strasbourg sur 2 244 partenaires d\u00e9change linguistiques de Strasbourg tattendent. Connecte-toi avec des partenaires d\u00e9change linguistique sur Tandem Jul 4, 2018. Participent activement \u00e0 des \u00e9changes linguistiques avec leurs homologues allemands dont le dernier de lann\u00e9e sest d\u00e9roul\u00e9 en tiers lieu Apr 16, 2019 Durant ses \u00e9tudes, Leelo a fait le choix de partir \u00e0 l\u00e9tranger pour se familiariser avec la langue anglaise. Elle nous en dit plus sur son Oct 8, 2018 Le caf\u00e9 linguistique \u00e0 Strasbourg est une initiative estudiantine, mais ouverte \u00e0 tous. Cest une rencontre informelle, sans chichi qui se Co-organisatrice du Colloque international Les 11\u00e8mes Rencontres Linguistiques en Pays rh\u00e9nan, 6-8111999, Universit\u00e9 Marc Bloch de Strasbourg L\u00e9quipe p\u00e9dagogique du CIEL de Strasbourg est compos\u00e9e dune douzaine de. Sp\u00e9cialisations en linguistique, didactique des langues, phon\u00e9tique Ce groupe sadresse avant tout aux passionn\u00e9s de langues, d\u00e9changes linguistiques et interculturels, pour rencontrer des personnes venant de tout horizon.<\/p>\n","protected":false},"excerpt":{"rendered":"<p>Oct 10, 2021 Les Serments de Strasbourg 842 Le trait\u00e9 de Verdun 3. Les cons\u00e9quences linguistiques. La fragmentation linguistique dialectalisation 4 days ago La premi\u00e8re des difficult\u00e9s rencontr\u00e9es, dans les. Savoirs socio-linguistiques. ASL du lundi au vendredi. Strasbourg-Saint-Denis 13 hours ago \u00c9tudiante en troisi\u00e8me ann\u00e9e \u00e0 Sciences-Po Strasbourg, elle passe un semestre \u00e0 Berlin, o\u00f9 [&hellip;]<\/p>\n","protected":false},"author":1,"featured_media":0,"comment_status":"closed","ping_status":"closed","sticky":false,"template":"","format":"standard","meta":{"footnotes":""},"categories":[],"tags":[],"class_list":["post-18009","post","type-post","status-publish","format-standard","hentry"],"_links":{"self":[{"href":"https:\/\/profeel.bzh\/wordpress\/wp-json\/wp\/v2\/posts\/18009","targetHints":{"allow":["GET"]}}],"collection":[{"href":"https:\/\/profeel.bzh\/wordpress\/wp-json\/wp\/v2\/posts"}],"about":[{"href":"https:\/\/profeel.bzh\/wordpress\/wp-json\/wp\/v2\/types\/post"}],"author":[{"embeddable":true,"href":"https:\/\/profeel.bzh\/wordpress\/wp-json\/wp\/v2\/users\/1"}],"replies":[{"embeddable":true,"href":"https:\/\/profeel.bzh\/wordpress\/wp-json\/wp\/v2\/comments?post=18009"}],"version-history":[{"count":0,"href":"https:\/\/profeel.bzh\/wordpress\/wp-json\/wp\/v2\/posts\/18009\/revisions"}],"wp:attachment":[{"href":"https:\/\/profeel.bzh\/wordpress\/wp-json\/wp\/v2\/media?parent=18009"}],"wp:term":[{"taxonomy":"category","embeddable":true,"href":"https:\/\/profeel.bzh\/wordpress\/wp-json\/wp\/v2\/categories?post=18009"},{"taxonomy":"post_tag","embeddable":true,"href":"https:\/\/profeel.bzh\/wordpress\/wp-json\/wp\/v2\/tags?post=18009"}],"curies":[{"name":"wp","href":"https:\/\/api.w.org\/{rel}","templated":true}]}}